{"id":71604,"date":"2026-04-29T19:32:10","date_gmt":"2026-04-30T01:32:10","guid":{"rendered":"https:\/\/labestiapolitica.com.mx\/?p=71604"},"modified":"2026-04-29T19:32:10","modified_gmt":"2026-04-30T01:32:10","slug":"gobierno-municipal-de-alfonso-sanchez-garcia-recupera-la-calle-reforma-en-atlahapa-con-rastreo-y-limpieza-integral","status":"publish","type":"post","link":"https:\/\/labestiapolitica.com.mx\/?p=71604","title":{"rendered":"Gobierno Municipal de Alfonso S\u00e1nchez Garc\u00eda recupera la calle Reforma en Atlahapa con rastreo y limpieza integral."},"content":{"rendered":"<p style=\"text-align: justify;\">El Gobierno municipal de Alfonso S\u00e1nchez Garc\u00eda, a trav\u00e9s de la Direcci\u00f3n de Obras P\u00fablicas y Desarrollo Urbano, realiz\u00f3 este mi\u00e9rcoles trabajos de rastreo, limpieza y rehabilitaci\u00f3n en la calle Reforma de la comunidad de Atlahapa, una vialidad que durante m\u00e1s de cinco a\u00f1os permaneci\u00f3 sin atenci\u00f3n y en condiciones de abandono, lo que afectaba de manera directa la movilidad y seguridad de las familias que habitan en la zona.<\/p>\n<p style=\"text-align: justify;\">Durante este tiempo, la vialidad lleg\u00f3 a funcionar como tiradero de escombro, lo que provoc\u00f3 que se volviera pr\u00e1cticamente intransitable para peatones y automovilistas.<\/p>\n<p style=\"text-align: justify;\">Ante esta situaci\u00f3n, y por instrucciones del alcalde de la capital, se procedi\u00f3 a su rescate en respuesta a su compromiso de atender de manera puntual las necesidades reales de la ciudadan\u00eda.<\/p>\n<p style=\"text-align: justify;\">Con estas acciones, el gobierno de Alfonso S\u00e1nchez, que escucha y que resuelve, interviene espacios que durante a\u00f1os permanecieron en el rezago, como la calle Reforma, acci\u00f3n que tambi\u00e9n contribuye a dignificar el entorno y a elevar los \u00edndices de desarrollo humano en beneficio de toda la comunidad.<\/p>\n","protected":false},"excerpt":{"rendered":"<p>El Gobierno municipal de Alfonso S\u00e1nchez Garc\u00eda, a trav\u00e9s de la Direcci\u00f3n de Obras P\u00fablicas y Desarrollo Urbano, realiz\u00f3 este mi\u00e9rcoles trabajos de rastreo, limpieza y rehabilitaci\u00f3n en la calle Reforma de la comunidad de Atlahapa, una vialidad que durante m\u00e1s de cinco a\u00f1os permaneci\u00f3 sin atenci\u00f3n y en condiciones de abandono, lo que afectaba [&hellip;]<\/p>\n","protected":false},"author":5,"featured_media":71605,"comment_status":"open","ping_status":"open","sticky":false,"template":"","format":"standard","meta":{"footnotes":""},"categories":[216,214],"tags":[],"class_list":["post-71604","post","type-post","status-publish","format-standard","has-post-thumbnail","hentry","category-municipios","category-tlaxcala-capital"],"amp_enabled":true,"_links":{"self":[{"href":"https:\/\/labestiapolitica.com.mx\/index.php?rest_route=\/wp\/v2\/posts\/71604","targetHints":{"allow":["GET"]}}],"collection":[{"href":"https:\/\/labestiapolitica.com.mx\/index.php?rest_route=\/wp\/v2\/posts"}],"about":[{"href":"https:\/\/labestiapolitica.com.mx\/index.php?rest_route=\/wp\/v2\/types\/post"}],"author":[{"embeddable":true,"href":"https:\/\/labestiapolitica.com.mx\/index.php?rest_route=\/wp\/v2\/users\/5"}],"replies":[{"embeddable":true,"href":"https:\/\/labestiapolitica.com.mx\/index.php?rest_route=%2Fwp%2Fv2%2Fcomments&post=71604"}],"version-history":[{"count":1,"href":"https:\/\/labestiapolitica.com.mx\/index.php?rest_route=\/wp\/v2\/posts\/71604\/revisions"}],"predecessor-version":[{"id":71606,"href":"https:\/\/labestiapolitica.com.mx\/index.php?rest_route=\/wp\/v2\/posts\/71604\/revisions\/71606"}],"wp:featuredmedia":[{"embeddable":true,"href":"https:\/\/labestiapolitica.com.mx\/index.php?rest_route=\/wp\/v2\/media\/71605"}],"wp:attachment":[{"href":"https:\/\/labestiapolitica.com.mx\/index.php?rest_route=%2Fwp%2Fv2%2Fmedia&parent=71604"}],"wp:term":[{"taxonomy":"category","embeddable":true,"href":"https:\/\/labestiapolitica.com.mx\/index.php?rest_route=%2Fwp%2Fv2%2Fcategories&post=71604"},{"taxonomy":"post_tag","embeddable":true,"href":"https:\/\/labestiapolitica.com.mx\/index.php?rest_route=%2Fwp%2Fv2%2Ftags&post=71604"}],"curies":[{"name":"wp","href":"https:\/\/api.w.org\/{rel}","templated":true}]}}