{"id":71607,"date":"2026-04-29T19:45:01","date_gmt":"2026-04-30T01:45:01","guid":{"rendered":"https:\/\/labestiapolitica.com.mx\/?p=71607"},"modified":"2026-04-29T19:45:08","modified_gmt":"2026-04-30T01:45:08","slug":"71607","status":"publish","type":"post","link":"https:\/\/labestiapolitica.com.mx\/?p=71607","title":{"rendered":"Val\u2019Quirico se llena de magia y diversi\u00f3n en el D\u00eda de la Ni\u00f1ez."},"content":{"rendered":"<p style=\"text-align: justify;\">Con motivo del D\u00eda de la Ni\u00f1ez, Val\u2019Quirico prepara un Fin de Semana Infantil VQ, una serie de actividades gratuitas dise\u00f1adas para que ni\u00f1as, ni\u00f1os y familias disfruten jornadas llenas de imaginaci\u00f3n, aprendizaje y entretenimiento.<\/p>\n<p style=\"text-align: justify;\">Del 30 de abril al 3 de mayo, de 1:00 a 7:00 p.m., este emblem\u00e1tico destino ofrecer\u00e1 experiencias especiales como cuenta cuentos, t\u00edteres, rally familiar, shows musicales, mural interactivo, galer\u00eda de personajes y encuentros con los Guardianes, convirtiendo cada rinc\u00f3n en un espacio de alegr\u00eda.<\/p>\n<p style=\"text-align: justify;\"><strong>Cuentos y t\u00edteres para imaginar<\/strong><\/p>\n<p style=\"text-align: justify;\">Del 30 de abril al 3 de mayo, de 1:00 a 6:30 p.m., se presentar\u00e1n narraciones como:<\/p>\n<ul>\n<li style=\"text-align: justify;\">Hab\u00eda una vez pero al rev\u00e9s<\/li>\n<li style=\"text-align: justify;\">Cuentos viajeros<\/li>\n<li style=\"text-align: justify;\">Historias peludas<\/li>\n<\/ul>\n<p style=\"text-align: justify;\"><strong>Peque\u00f1as estrellas en escena<\/strong><\/p>\n<p style=\"text-align: justify;\">Del 1 al 3 de mayo, de 1:30 a 5:00 p.m., se llevar\u00e1 a cabo el Show de talentos infantiles, donde ni\u00f1as y ni\u00f1os demostrar\u00e1n su carisma y habilidades art\u00edsticas frente al p\u00fablico.<\/p>\n<p style=\"text-align: justify;\"><strong>Madame Filigr\u00e1n llega con su f\u00e1brica de cuentos<\/strong><\/p>\n<p style=\"text-align: justify;\">Los d\u00edas 2 y 3 de mayo, de 2:30 a 6:30 p.m., junto al carrusel, se presentar\u00e1 \u201cLa fabulosa f\u00e1brica de cuentos de Madame Filigr\u00e1n\u201d, un espect\u00e1culo itinerante que mezcla relatos, m\u00fasica e imaginaci\u00f3n.<\/p>\n<p style=\"text-align: justify;\"><strong>M\u00fasica para ni\u00f1@s<\/strong><\/p>\n<p style=\"text-align: justify;\">Del 1 al 3 de mayo, desde la 1:30 p.m., Val\u2019Quirico tambi\u00e9n tendr\u00e1 presentaciones musicales pensadas especialmente para las infancias, con covers de Disney, rock para ni\u00f1os y mucho m\u00e1s.<\/p>\n<p style=\"text-align: justify;\"><strong>Coplas, guitarra y diversi\u00f3n con Gerardo Pablo<\/strong><\/p>\n<p style=\"text-align: justify;\">El s\u00e1bado 2 de mayo, de 12:30 a 4:00 p.m., y el domingo 3 de mayo, de 2:30 a 4:30 p.m., se presentar\u00e1 Gerardo Pablo, quien compartir\u00e1 divertidas coplas para ni\u00f1os acompa\u00f1adas de guitarra.<\/p>\n<p style=\"text-align: justify;\"><strong>Rally VQ<\/strong><\/p>\n<p style=\"text-align: justify;\">Del 30 de abril al 3 de mayo, de 1:00 a 6:00 p.m., las y los ni\u00f1os podr\u00e1n participar en el Rally VQ, recorriendo Val\u2019Quirico, tom\u00e1ndose selfies en puntos clave y obteniendo premios sorpresa y un pasaporte de descuentos.<\/p>\n<p style=\"text-align: justify;\"><strong>Un final m\u00e1gico para celebrar en grande<\/strong><\/p>\n<p style=\"text-align: justify;\">Como broche de oro para este fin de semana infantil, Val\u2019Quirico presentar\u00e1 el concierto gratuito \u201cMagic Music\u201d el pr\u00f3ximo 3 de mayo a las 6:00 p.m., un espect\u00e1culo especial con m\u00fasica inspirada en los cl\u00e1sicos de Disney que har\u00e1 cantar, emocionarse y disfrutar tanto a ni\u00f1as y ni\u00f1os como a toda la familia.<\/p>\n<p style=\"text-align: justify;\">Val\u2019Quirico abre sus puertas para que las familias se regalen tiempo de calidad, risas y recuerdos memorables en un espacio lleno de encanto. La cartelera completa del Fin de Semana Infantil VQ puede consultarse en:<br \/>\nwww.valquirico.com<\/p>\n<p style=\"text-align: justify;\"><em><strong>IG y FB: @valquirico @festivaliberico<\/strong><\/em><\/p>\n","protected":false},"excerpt":{"rendered":"<p>Con motivo del D\u00eda de la Ni\u00f1ez, Val\u2019Quirico prepara un Fin de Semana Infantil VQ, una serie de actividades gratuitas dise\u00f1adas para que ni\u00f1as, ni\u00f1os y familias disfruten jornadas llenas de imaginaci\u00f3n, aprendizaje y entretenimiento. Del 30 de abril al 3 de mayo, de 1:00 a 7:00 p.m., este emblem\u00e1tico destino ofrecer\u00e1 experiencias especiales como [&hellip;]<\/p>\n","protected":false},"author":5,"featured_media":71608,"comment_status":"open","ping_status":"open","sticky":false,"template":"","format":"standard","meta":{"footnotes":""},"categories":[3,7],"tags":[],"class_list":["post-71607","post","type-post","status-publish","format-standard","has-post-thumbnail","hentry","category-8-columnas","category-ciudadanos"],"amp_enabled":true,"_links":{"self":[{"href":"https:\/\/labestiapolitica.com.mx\/index.php?rest_route=\/wp\/v2\/posts\/71607","targetHints":{"allow":["GET"]}}],"collection":[{"href":"https:\/\/labestiapolitica.com.mx\/index.php?rest_route=\/wp\/v2\/posts"}],"about":[{"href":"https:\/\/labestiapolitica.com.mx\/index.php?rest_route=\/wp\/v2\/types\/post"}],"author":[{"embeddable":true,"href":"https:\/\/labestiapolitica.com.mx\/index.php?rest_route=\/wp\/v2\/users\/5"}],"replies":[{"embeddable":true,"href":"https:\/\/labestiapolitica.com.mx\/index.php?rest_route=%2Fwp%2Fv2%2Fcomments&post=71607"}],"version-history":[{"count":2,"href":"https:\/\/labestiapolitica.com.mx\/index.php?rest_route=\/wp\/v2\/posts\/71607\/revisions"}],"predecessor-version":[{"id":71610,"href":"https:\/\/labestiapolitica.com.mx\/index.php?rest_route=\/wp\/v2\/posts\/71607\/revisions\/71610"}],"wp:featuredmedia":[{"embeddable":true,"href":"https:\/\/labestiapolitica.com.mx\/index.php?rest_route=\/wp\/v2\/media\/71608"}],"wp:attachment":[{"href":"https:\/\/labestiapolitica.com.mx\/index.php?rest_route=%2Fwp%2Fv2%2Fmedia&parent=71607"}],"wp:term":[{"taxonomy":"category","embeddable":true,"href":"https:\/\/labestiapolitica.com.mx\/index.php?rest_route=%2Fwp%2Fv2%2Fcategories&post=71607"},{"taxonomy":"post_tag","embeddable":true,"href":"https:\/\/labestiapolitica.com.mx\/index.php?rest_route=%2Fwp%2Fv2%2Ftags&post=71607"}],"curies":[{"name":"wp","href":"https:\/\/api.w.org\/{rel}","templated":true}]}}