{"id":71614,"date":"2026-04-29T20:25:46","date_gmt":"2026-04-30T02:25:46","guid":{"rendered":"https:\/\/labestiapolitica.com.mx\/?p=71614"},"modified":"2026-04-29T20:25:46","modified_gmt":"2026-04-30T02:25:46","slug":"impulsa-giovani-montiel-celebracion-masiva-para-ninas-y-ninos-del-municipio","status":"publish","type":"post","link":"https:\/\/labestiapolitica.com.mx\/?p=71614","title":{"rendered":"Impulsa Giovani Montiel celebraci\u00f3n masiva para ni\u00f1as y ni\u00f1os del municipio."},"content":{"rendered":"<p style=\"text-align: justify;\"><em><strong>Demian M\u00e1rquez<\/strong> <\/em>| El municipio de Tetla de la Solidaridad puso en marcha una serie de actividades para celebrar el D\u00eda de la Ni\u00f1a y el Ni\u00f1o, con un programa que busca reunir a familias completas en torno a espacios de convivencia y entretenimiento.<\/p>\n<p style=\"text-align: justify;\">El alcalde Giovani Montiel L\u00f3pez inform\u00f3 que los festejos se desarrollan en la Unidad Deportiva Luis Donaldo Colosio, donde se han habilitado diversas atracciones para la poblaci\u00f3n.<\/p>\n<p style=\"text-align: justify;\">Entre las principales actividades destaca la instalaci\u00f3n de un circo con capacidad para 600 personas por funci\u00f3n, adem\u00e1s de juegos mec\u00e1nicos, inflables y servicios como pintacaritas.<\/p>\n<p style=\"text-align: justify;\">De acuerdo con el edil, se tienen programadas 12 funciones a lo largo de cinco d\u00edas, con horarios que permiten la asistencia de familias en distintos momentos del d\u00eda.<\/p>\n<p style=\"text-align: justify;\">Montiel L\u00f3pez subray\u00f3 que todas las actividades son gratuitas y est\u00e1n dirigidas a ni\u00f1as, ni\u00f1os y sus acompa\u00f1antes.<\/p>\n<p style=\"text-align: justify;\">Precis\u00f3 que el objetivo es garantizar que la celebraci\u00f3n llegue a todos los sectores del municipio, por lo que tambi\u00e9n se distribuyeron boletos en comunidades para facilitar la asistencia y asegurar la participaci\u00f3n de m\u00e1s familias.<\/p>\n<p style=\"text-align: justify;\">El alcalde detall\u00f3 que para la realizaci\u00f3n de estos festejos se destin\u00f3 una inversi\u00f3n aproximada de 150 mil pesos, lograda mediante acuerdos con proveedores y prestadores de servicios locales, lo que permiti\u00f3 reducir costos y ampliar la oferta de actividades.<\/p>\n<p style=\"text-align: justify;\">Asimismo, se\u00f1al\u00f3 que el programa contempla la participaci\u00f3n de actores locales, como instructores y comerciantes, quienes colaboran en el desarrollo de las actividades.<\/p>\n<p style=\"text-align: justify;\">Esto, dijo, permite fortalecer la econom\u00eda interna y generar un ambiente comunitario durante las celebraciones.<\/p>\n<p style=\"text-align: justify;\">Los festejos iniciaron el 29 de abril y concluir\u00e1n el 3 de mayo, con una agenda continua de eventos.<\/p>\n<p style=\"text-align: justify;\">Es as\u00ed que el alcalde reiter\u00f3 la invitaci\u00f3n a la poblaci\u00f3n para asistir y formar parte de estas jornadas dise\u00f1adas para el disfrute de la ni\u00f1ez y sus familias.<\/p>\n","protected":false},"excerpt":{"rendered":"<p>Demian M\u00e1rquez | El municipio de Tetla de la Solidaridad puso en marcha una serie de actividades para celebrar el D\u00eda de la Ni\u00f1a y el Ni\u00f1o, con un programa que busca reunir a familias completas en torno a espacios de convivencia y entretenimiento. El alcalde Giovani Montiel L\u00f3pez inform\u00f3 que los festejos se desarrollan [&hellip;]<\/p>\n","protected":false},"author":5,"featured_media":71615,"comment_status":"open","ping_status":"open","sticky":false,"template":"","format":"standard","meta":{"footnotes":""},"categories":[3,216,227],"tags":[],"class_list":["post-71614","post","type-post","status-publish","format-standard","has-post-thumbnail","hentry","category-8-columnas","category-municipios","category-tetla"],"amp_enabled":true,"_links":{"self":[{"href":"https:\/\/labestiapolitica.com.mx\/index.php?rest_route=\/wp\/v2\/posts\/71614","targetHints":{"allow":["GET"]}}],"collection":[{"href":"https:\/\/labestiapolitica.com.mx\/index.php?rest_route=\/wp\/v2\/posts"}],"about":[{"href":"https:\/\/labestiapolitica.com.mx\/index.php?rest_route=\/wp\/v2\/types\/post"}],"author":[{"embeddable":true,"href":"https:\/\/labestiapolitica.com.mx\/index.php?rest_route=\/wp\/v2\/users\/5"}],"replies":[{"embeddable":true,"href":"https:\/\/labestiapolitica.com.mx\/index.php?rest_route=%2Fwp%2Fv2%2Fcomments&post=71614"}],"version-history":[{"count":1,"href":"https:\/\/labestiapolitica.com.mx\/index.php?rest_route=\/wp\/v2\/posts\/71614\/revisions"}],"predecessor-version":[{"id":71616,"href":"https:\/\/labestiapolitica.com.mx\/index.php?rest_route=\/wp\/v2\/posts\/71614\/revisions\/71616"}],"wp:featuredmedia":[{"embeddable":true,"href":"https:\/\/labestiapolitica.com.mx\/index.php?rest_route=\/wp\/v2\/media\/71615"}],"wp:attachment":[{"href":"https:\/\/labestiapolitica.com.mx\/index.php?rest_route=%2Fwp%2Fv2%2Fmedia&parent=71614"}],"wp:term":[{"taxonomy":"category","embeddable":true,"href":"https:\/\/labestiapolitica.com.mx\/index.php?rest_route=%2Fwp%2Fv2%2Fcategories&post=71614"},{"taxonomy":"post_tag","embeddable":true,"href":"https:\/\/labestiapolitica.com.mx\/index.php?rest_route=%2Fwp%2Fv2%2Ftags&post=71614"}],"curies":[{"name":"wp","href":"https:\/\/api.w.org\/{rel}","templated":true}]}}