{"id":71620,"date":"2026-04-29T20:29:00","date_gmt":"2026-04-30T02:29:00","guid":{"rendered":"https:\/\/labestiapolitica.com.mx\/?p=71620"},"modified":"2026-04-29T20:29:00","modified_gmt":"2026-04-30T02:29:00","slug":"gobernadora-de-tlaxcala-respalda-a-rocha-moya-ante-senalamientos-de-el-mayo-zambada","status":"publish","type":"post","link":"https:\/\/labestiapolitica.com.mx\/?p=71620","title":{"rendered":"Gobernadora de Tlaxcala respalda a Rocha Moya ante se\u00f1alamientos de \u00abEl Mayo\u00bb Zambada"},"content":{"rendered":"<p style=\"text-align: justify;\"><em><strong>Mariana LOVERA |<\/strong><\/em>\u00a0La gobernadora constitucional de Tlaxcala, Lorena Cu\u00e9llar Cisneros, se sum\u00f3 al posicionamiento p\u00fablico emitido por la dirigencia nacional de Morena y diversos mandatarios estatales en respaldo absoluto a su hom\u00f3logo de Sinaloa, Rub\u00e9n Rocha Moya, luego de las acusaciones realizadas por la defensa legal de Ismael \u00abEl Mayo\u00bb Zambada Garc\u00eda.<\/p>\n<p style=\"text-align: justify;\">El documento, encabezado por el presidente del Comit\u00e9 Ejecutivo Nacional de Morena, Mario Delgado, y suscrito por la mandataria tlaxcalteca, entre otros, califica como \u00abmentiras y estigmatizaci\u00f3n\u00bb los se\u00f1alamientos contra Rocha Moya, a quien intentan vincular \u2014sin \u00e9xito, se\u00f1ala el texto\u2014 con la detenci\u00f3n del capo ocurrida el 25 de julio de 2024.<\/p>\n<p style=\"text-align: justify;\">La gobernadora Cu\u00e9llar respald\u00f3 la postura de que la situaci\u00f3n ya fue aclarada \u00abde manera puntual\u00bb por el mandatario sinaloense y refrend\u00f3 la confianza en su \u00abprobidad y vocaci\u00f3n de servicio\u00bb.<\/p>\n<p style=\"text-align: justify;\">En el texto firmado por la tlaxcalteca se subraya que Rocha Moya, con m\u00e1s de tres d\u00e9cadas de servicio p\u00fablico, se ha caracterizado por su \u00abhonestidad y respeto irrestricto a la ley\u00bb, actuando siempre bajo los principios de la Cuarta Transformaci\u00f3n: \u00abno mentir, no robar y no traicionar al pueblo\u00bb.<\/p>\n<p style=\"text-align: justify;\">Finalmente, Cu\u00e9llar Cisneros se uni\u00f3 al llamado a \u00abdetener la estigmatizaci\u00f3n del estado de Sinaloa y de su gente\u00bb, reiterando el compromiso de trabajar de manera coordinada con el Ejecutivo federal en materia de seguridad y estricto apego a la ley.<\/p>\n<p style=\"text-align: justify;\">El respaldo de la morenista ocurre en medio de un escenario de creciente presi\u00f3n internacional. El Departamento de Justicia de Estados Unidos (DOJ) anunci\u00f3 la apertura de una acusaci\u00f3n formal contra 10 actuales y exfuncionarios de Sinaloa, incluyendo al gobernador Rub\u00e9n Rocha Moya, por presunta conspiraci\u00f3n con el C\u00e1rtel de Sinaloa.<\/p>\n<p style=\"text-align: justify;\">Seg\u00fan el DOJ, los acusados habr\u00edan \u00abprotegido las operaciones del c\u00e1rtel, filtrado informaci\u00f3n sensible y permitido el traslado de grandes cargamentos de narc\u00f3ticos hacia Estados Unidos\u00bb a cambio de sobornos millonarios.<\/p>\n<p style=\"text-align: justify;\">La fiscal\u00eda estadounidense advierte que el C\u00e1rtel de Sinaloa \u00abopera con apoyo de funcionarios corruptos que facilitan su expansi\u00f3n internacional\u00bb, lo que ha permitido el tr\u00e1fico de fentanilo, coca\u00edna y metanfetaminas. El caso tambi\u00e9n involucra se\u00f1alamientos de violencia extrema, incluyendo secuestros y asesinatos de personas vinculadas a la investigaci\u00f3n.<\/p>\n<p style=\"text-align: justify;\">Las autoridades estadounidenses subrayan que todos los implicados mantienen la presunci\u00f3n de inocencia. Hasta el cierre de esta edici\u00f3n, ni la gobernadora Cu\u00e9llar ni la dirigencia de Morena se hab\u00edan pronunciado sobre la acusaci\u00f3n formal del DOJ, limit\u00e1ndose al respaldo emitido tras los dichos de la defensa de \u00abEl Mayo\u00bb Zambada.<\/p>\n","protected":false},"excerpt":{"rendered":"<p>Mariana LOVERA |\u00a0La gobernadora constitucional de Tlaxcala, Lorena Cu\u00e9llar Cisneros, se sum\u00f3 al posicionamiento p\u00fablico emitido por la dirigencia nacional de Morena y diversos mandatarios estatales en respaldo absoluto a su hom\u00f3logo de Sinaloa, Rub\u00e9n Rocha Moya, luego de las acusaciones realizadas por la defensa legal de Ismael \u00abEl Mayo\u00bb Zambada Garc\u00eda. El documento, encabezado [&hellip;]<\/p>\n","protected":false},"author":5,"featured_media":71621,"comment_status":"open","ping_status":"open","sticky":false,"template":"","format":"standard","meta":{"footnotes":""},"categories":[3,12],"tags":[],"class_list":["post-71620","post","type-post","status-publish","format-standard","has-post-thumbnail","hentry","category-8-columnas","category-brujula-2026"],"amp_enabled":true,"_links":{"self":[{"href":"https:\/\/labestiapolitica.com.mx\/index.php?rest_route=\/wp\/v2\/posts\/71620","targetHints":{"allow":["GET"]}}],"collection":[{"href":"https:\/\/labestiapolitica.com.mx\/index.php?rest_route=\/wp\/v2\/posts"}],"about":[{"href":"https:\/\/labestiapolitica.com.mx\/index.php?rest_route=\/wp\/v2\/types\/post"}],"author":[{"embeddable":true,"href":"https:\/\/labestiapolitica.com.mx\/index.php?rest_route=\/wp\/v2\/users\/5"}],"replies":[{"embeddable":true,"href":"https:\/\/labestiapolitica.com.mx\/index.php?rest_route=%2Fwp%2Fv2%2Fcomments&post=71620"}],"version-history":[{"count":1,"href":"https:\/\/labestiapolitica.com.mx\/index.php?rest_route=\/wp\/v2\/posts\/71620\/revisions"}],"predecessor-version":[{"id":71622,"href":"https:\/\/labestiapolitica.com.mx\/index.php?rest_route=\/wp\/v2\/posts\/71620\/revisions\/71622"}],"wp:featuredmedia":[{"embeddable":true,"href":"https:\/\/labestiapolitica.com.mx\/index.php?rest_route=\/wp\/v2\/media\/71621"}],"wp:attachment":[{"href":"https:\/\/labestiapolitica.com.mx\/index.php?rest_route=%2Fwp%2Fv2%2Fmedia&parent=71620"}],"wp:term":[{"taxonomy":"category","embeddable":true,"href":"https:\/\/labestiapolitica.com.mx\/index.php?rest_route=%2Fwp%2Fv2%2Fcategories&post=71620"},{"taxonomy":"post_tag","embeddable":true,"href":"https:\/\/labestiapolitica.com.mx\/index.php?rest_route=%2Fwp%2Fv2%2Ftags&post=71620"}],"curies":[{"name":"wp","href":"https:\/\/api.w.org\/{rel}","templated":true}]}}