{"id":71625,"date":"2026-04-29T20:52:21","date_gmt":"2026-04-30T02:52:21","guid":{"rendered":"https:\/\/labestiapolitica.com.mx\/?p=71625"},"modified":"2026-04-29T20:52:21","modified_gmt":"2026-04-30T02:52:21","slug":"fgr-inicia-investigacion-por-acusacion-de-eu-contra-ruben-rocha-moya","status":"publish","type":"post","link":"https:\/\/labestiapolitica.com.mx\/?p=71625","title":{"rendered":"FGR inicia investigaci\u00f3n por acusaci\u00f3n de EU contra Rub\u00e9n Rocha Moya."},"content":{"rendered":"<p style=\"text-align: justify;\" data-start=\"229\" data-end=\"361\">El vocero Ulises Lara L\u00f3pez confirm\u00f3 que ya comenz\u00f3 una serie de indagatorias para corroborar los dichos del Departamento de Estado.<\/p>\n<p style=\"text-align: justify;\" data-start=\"363\" data-end=\"604\">La Fiscal\u00eda General de la Rep\u00fablica (FGR) inform\u00f3 que inici\u00f3 una investigaci\u00f3n para determinar si hay datos de prueba que sostengan la acusaci\u00f3n de Estados Unidos contra el gobernador de Sinaloa, Rub\u00e9n Rocha Moya, y otros nueve funcionarios.<\/p>\n<p style=\"text-align: justify;\" data-start=\"606\" data-end=\"908\">En un mensaje a medios, Ulises Lara L\u00f3pez, vocero de la FGR, respondi\u00f3 que se analizar\u00e1 la investigaci\u00f3n recibida del Departamento de Estado con la finalidad de ver si existen los elementos probatorios necesarios para detener y extraditar a Estados Unidos a Rocha Moya y los jefes policiacos se\u00f1alados.<\/p>\n<p style=\"text-align: justify;\" data-start=\"910\" data-end=\"1102\">Lara L\u00f3pez anunci\u00f3 que la FGR empezar\u00e1 paralelamente una investigaci\u00f3n para verificar que la investigaci\u00f3n del Departamento de Justicia y de la DEA est\u00e9 sustentada para solicitar la detenci\u00f3n.<\/p>\n<p style=\"text-align: justify;\" data-start=\"1104\" data-end=\"1239\">Asimismo, el funcionario record\u00f3 que la ley mexicana en la materia se\u00f1ala que para una orden de aprehensi\u00f3n se deben presentar pruebas.<\/p>\n<p style=\"text-align: justify;\" data-start=\"1241\" data-end=\"1506\">\u00abComo es del conocimiento p\u00fablico, la legislaci\u00f3n mexicana se\u00f1ala claramente que para solicitar a la autoridad judicial una orden de aprehensi\u00f3n se requiere presentar datos de prueba que infieran la posibilidad de que alguna persona ha cometido un delito\u00bb, explic\u00f3.<\/p>\n<p style=\"text-align: justify;\" data-start=\"1508\" data-end=\"1752\">Indic\u00f3 que el Tratado Bilateral en la materia refiere, con toda precisi\u00f3n, que solamente se conceder\u00e1 la extradici\u00f3n si se determina que las pruebas son suficientes, esto conforme a las leyes de la parte requerida, en este caso de nuestro pa\u00eds.<\/p>\n<p data-start=\"1508\" data-end=\"1752\"><em><strong>Fuente INFORMADOR.MX<\/strong><\/em><\/p>\n","protected":false},"excerpt":{"rendered":"<p>El vocero Ulises Lara L\u00f3pez confirm\u00f3 que ya comenz\u00f3 una serie de indagatorias para corroborar los dichos del Departamento de Estado. La Fiscal\u00eda General de la Rep\u00fablica (FGR) inform\u00f3 que inici\u00f3 una investigaci\u00f3n para determinar si hay datos de prueba que sostengan la acusaci\u00f3n de Estados Unidos contra el gobernador de Sinaloa, Rub\u00e9n Rocha Moya, [&hellip;]<\/p>\n","protected":false},"author":5,"featured_media":71627,"comment_status":"open","ping_status":"open","sticky":false,"template":"","format":"standard","meta":{"footnotes":""},"categories":[3,12],"tags":[],"class_list":["post-71625","post","type-post","status-publish","format-standard","has-post-thumbnail","hentry","category-8-columnas","category-brujula-2026"],"amp_enabled":true,"_links":{"self":[{"href":"https:\/\/labestiapolitica.com.mx\/index.php?rest_route=\/wp\/v2\/posts\/71625","targetHints":{"allow":["GET"]}}],"collection":[{"href":"https:\/\/labestiapolitica.com.mx\/index.php?rest_route=\/wp\/v2\/posts"}],"about":[{"href":"https:\/\/labestiapolitica.com.mx\/index.php?rest_route=\/wp\/v2\/types\/post"}],"author":[{"embeddable":true,"href":"https:\/\/labestiapolitica.com.mx\/index.php?rest_route=\/wp\/v2\/users\/5"}],"replies":[{"embeddable":true,"href":"https:\/\/labestiapolitica.com.mx\/index.php?rest_route=%2Fwp%2Fv2%2Fcomments&post=71625"}],"version-history":[{"count":1,"href":"https:\/\/labestiapolitica.com.mx\/index.php?rest_route=\/wp\/v2\/posts\/71625\/revisions"}],"predecessor-version":[{"id":71628,"href":"https:\/\/labestiapolitica.com.mx\/index.php?rest_route=\/wp\/v2\/posts\/71625\/revisions\/71628"}],"wp:featuredmedia":[{"embeddable":true,"href":"https:\/\/labestiapolitica.com.mx\/index.php?rest_route=\/wp\/v2\/media\/71627"}],"wp:attachment":[{"href":"https:\/\/labestiapolitica.com.mx\/index.php?rest_route=%2Fwp%2Fv2%2Fmedia&parent=71625"}],"wp:term":[{"taxonomy":"category","embeddable":true,"href":"https:\/\/labestiapolitica.com.mx\/index.php?rest_route=%2Fwp%2Fv2%2Fcategories&post=71625"},{"taxonomy":"post_tag","embeddable":true,"href":"https:\/\/labestiapolitica.com.mx\/index.php?rest_route=%2Fwp%2Fv2%2Ftags&post=71625"}],"curies":[{"name":"wp","href":"https:\/\/api.w.org\/{rel}","templated":true}]}}