{"id":71632,"date":"2026-04-30T07:40:37","date_gmt":"2026-04-30T13:40:37","guid":{"rendered":"https:\/\/labestiapolitica.com.mx\/?p=71632"},"modified":"2026-04-30T07:41:25","modified_gmt":"2026-04-30T13:41:25","slug":"morena-lidera-intencion-de-voto-para-alcaldia-capitalina-64-rechaza-reeleccion-de-sanchez-garcia-massive-caller","status":"publish","type":"post","link":"https:\/\/labestiapolitica.com.mx\/?p=71632","title":{"rendered":"Morena lidera intenci\u00f3n de voto para alcald\u00eda capitalina; 64% rechaza reelecci\u00f3n de S\u00e1nchez Garc\u00eda: Massive Caller"},"content":{"rendered":"<ul>\n<li class=\"p2\" style=\"text-align: justify;\">La encuesta revela una ventaja de m\u00e1s de 20 puntos para el partido guinda, mientras que la posible reelecci\u00f3n del actual alcalde enfrenta un fuerte rechazo ciudadano.<\/li>\n<\/ul>\n<p class=\"p2\" style=\"text-align: justify;\"><span class=\"s1\">Mariana Lovera\/\/ A poco m\u00e1s de un a\u00f1o de las elecciones para elegir alcalde en Tlaxcala, un reciente sondeo de opini\u00f3n publicado por la firma Massive Caller muestra un panorama competitivo pero con un claro favorito. Seg\u00fan el ejercicio de \u00abtracking\u00bb realizado entre octubre de 2025 y abril de 2026, Morena encabeza la preferencia electoral con un 39.7% de los votos si los comicios se celebraran hoy.<\/span><\/p>\n<p class=\"p2\" style=\"text-align: justify;\"><span class=\"s1\">En contraste, el resto de los partidos se mantienen con cifras significativamente m\u00e1s bajas. El PRI alcanza un 15.9%, seguido muy de cerca por el PAN con un 13.8%. Movimiento Ciudadano (MC) se posiciona con un 8.3%, mientras que el PVEM y el PT cierran la lista con 3.2% y 1.6%, respectivamente. Un 17.5% del electorado a\u00fan se declara indeciso, un segmento clave que podr\u00eda definir la contienda final.<\/span><\/p>\n<p class=\"p2\" style=\"text-align: justify;\"><span class=\"s1\">Una de las m\u00e9tricas m\u00e1s contundentes del estudio es la relacionada con el actual alcalde, Alfonso S\u00e1nchez Garc\u00eda. Cuando se pregunt\u00f3 a los encuestados si votar\u00edan por \u00e9l en caso de que buscara un segundo periodo consecutivo, el 64.2% respondi\u00f3 que \u00abNo\u00bb, frente a apenas un 35.8% que estar\u00eda dispuesto a respaldarlo. Este dato refleja un ambiente adverso para una posible relecci\u00f3n, seg\u00fan la tendencia registrada en los meses recientes.<\/span><\/p>\n<p class=\"p2\"><span class=\"s1\">*** <strong>Preferencias en las internas de PAN, PRI, MC y Morena<\/strong><\/span><\/p>\n<p class=\"p2\" style=\"text-align: justify;\"><span class=\"s1\">La encuesta tambi\u00e9n sonde\u00f3 las preferencias sobre qui\u00e9n deber\u00eda ser el candidato dentro de cada partido entre los votantes que ya decidieron su voto por ese instituto pol\u00edtico:<\/span><\/p>\n<p class=\"p2\"><span class=\"s1\">PAN:<\/span><\/p>\n<p class=\"p2\"><span class=\"s1\">\u00b7 Minerva Hern\u00e1ndez Ramos \u2013 36.1%<\/span><\/p>\n<p class=\"p2\"><span class=\"s1\">\u00b7 Angelo Guti\u00e9rrez Hern\u00e1ndez \u2013 19.4%<\/span><\/p>\n<p class=\"p2\"><span class=\"s1\">\u00b7 Otro \u2013 16.7%<\/span><\/p>\n<p class=\"p2\"><span class=\"s1\">\u00b7 Adolfo Escobar Jard\u00ednez \u2013 12.8%<\/span><\/p>\n<p class=\"p2\"><span class=\"s1\">\u00b7 Mirza Amaral S\u00e1nchez \u2013 8.3%<\/span><\/p>\n<p class=\"p2\"><span class=\"s1\">\u00b7 A\u00fan no decide \u2013 6.7%<\/span><\/p>\n<p class=\"p2\"><span class=\"s1\">PRI:<\/span><\/p>\n<p class=\"p2\"><span class=\"s1\">\u00b7 H\u00e9ctor Mart\u00ednez Zamora \u2013 29.9%<\/span><\/p>\n<p class=\"p2\"><span class=\"s1\">\u00b7 Otro \u2013 26.6%<\/span><\/p>\n<p class=\"p2\"><span class=\"s1\">\u00b7 Enrique Padilla S\u00e1nchez \u2013 20.9%<\/span><\/p>\n<p class=\"p2\"><span class=\"s1\">\u00b7 Rosalinda Mu\u00f1oz S\u00e1nchez \u2013 13.3%<\/span><\/p>\n<p class=\"p2\"><span class=\"s1\">\u00b7 A\u00fan no decide \u2013 9.3%<\/span><\/p>\n<p class=\"p2\"><span class=\"s1\">Movimiento Ciudadano (MC):<\/span><\/p>\n<p class=\"p2\"><span class=\"s1\">\u00b7 Blanca Rosa Rugarc\u00eda Gonz\u00e1lez \u2013 25.6%<\/span><\/p>\n<p class=\"p2\"><span class=\"s1\">\u00b7 Agust\u00edn Bret\u00f3n Stankiewicz \u2013 23.5%<\/span><\/p>\n<p class=\"p2\"><span class=\"s1\">\u00b7 A\u00fan no decide \u2013 19.1%<\/span><\/p>\n<p class=\"p2\"><span class=\"s1\">\u00b7 Luis Antonio Herrera P\u00e9rez \u2013 17.6%<\/span><\/p>\n<p class=\"p2\"><span class=\"s1\">\u00b7 Otro \u2013 14.2%<\/span><\/p>\n<p class=\"p2\"><span class=\"s1\">Morena:<\/span><\/p>\n<p class=\"p2\"><span class=\"s1\">\u00b7 Otro \u2013 31.4%<\/span><\/p>\n<p class=\"p2\"><span class=\"s1\">\u00b7 Alfonso S\u00e1nchez Garc\u00eda \u2013 26.7%<\/span><\/p>\n<p class=\"p2\"><span class=\"s1\">\u00b7 A\u00fan no decide \u2013 18.9%<\/span><\/p>\n<p class=\"p2\"><span class=\"s1\">\u00b7 Raymundo V\u00e1zquez Conchas \u2013 11.4%<\/span><\/p>\n<p class=\"p2\"><span class=\"s1\">\u00b7 Christian Vaslaf Santacruz \u2013 5.9%<\/span><\/p>\n<p class=\"p2\"><span class=\"s1\">\u00b7 Fabricio Mena Rodr\u00edguez \u2013 5.7%<\/span><\/p>\n<p class=\"p2\" style=\"text-align: justify;\"><span class=\"s1\">Un dato que llama la atenci\u00f3n es que, entre los votantes de Morena, la opci\u00f3n \u00abOtro\u00bb es la m\u00e1s mencionada para ser el candidato del partido, con un 31.4%. El actual alcalde, Alfonso S\u00e1nchez Garc\u00eda, aparece como la segunda opci\u00f3n (26.7%), seguido por un 18.9% que a\u00fan no decide.<\/span><\/p>\n<p class=\"p2\" style=\"text-align: justify;\"><span class=\"s1\">Esto sugiere que, pese a la ventaja del partido, no existe todav\u00eda un nombre claro que encabece el proyecto municipal.<\/span><\/p>\n","protected":false},"excerpt":{"rendered":"<p>La encuesta revela una ventaja de m\u00e1s de 20 puntos para el partido guinda, mientras que la posible reelecci\u00f3n del actual alcalde enfrenta un fuerte rechazo ciudadano. Mariana Lovera\/\/ A poco m\u00e1s de un a\u00f1o de las elecciones para elegir alcalde en Tlaxcala, un reciente sondeo de opini\u00f3n publicado por la firma Massive Caller muestra [&hellip;]<\/p>\n","protected":false},"author":6,"featured_media":71633,"comment_status":"open","ping_status":"open","sticky":false,"template":"","format":"standard","meta":{"footnotes":""},"categories":[3,7,1],"tags":[],"class_list":["post-71632","post","type-post","status-publish","format-standard","has-post-thumbnail","hentry","category-8-columnas","category-ciudadanos","category-uncategorized"],"amp_enabled":true,"_links":{"self":[{"href":"https:\/\/labestiapolitica.com.mx\/index.php?rest_route=\/wp\/v2\/posts\/71632","targetHints":{"allow":["GET"]}}],"collection":[{"href":"https:\/\/labestiapolitica.com.mx\/index.php?rest_route=\/wp\/v2\/posts"}],"about":[{"href":"https:\/\/labestiapolitica.com.mx\/index.php?rest_route=\/wp\/v2\/types\/post"}],"author":[{"embeddable":true,"href":"https:\/\/labestiapolitica.com.mx\/index.php?rest_route=\/wp\/v2\/users\/6"}],"replies":[{"embeddable":true,"href":"https:\/\/labestiapolitica.com.mx\/index.php?rest_route=%2Fwp%2Fv2%2Fcomments&post=71632"}],"version-history":[{"count":1,"href":"https:\/\/labestiapolitica.com.mx\/index.php?rest_route=\/wp\/v2\/posts\/71632\/revisions"}],"predecessor-version":[{"id":71634,"href":"https:\/\/labestiapolitica.com.mx\/index.php?rest_route=\/wp\/v2\/posts\/71632\/revisions\/71634"}],"wp:featuredmedia":[{"embeddable":true,"href":"https:\/\/labestiapolitica.com.mx\/index.php?rest_route=\/wp\/v2\/media\/71633"}],"wp:attachment":[{"href":"https:\/\/labestiapolitica.com.mx\/index.php?rest_route=%2Fwp%2Fv2%2Fmedia&parent=71632"}],"wp:term":[{"taxonomy":"category","embeddable":true,"href":"https:\/\/labestiapolitica.com.mx\/index.php?rest_route=%2Fwp%2Fv2%2Fcategories&post=71632"},{"taxonomy":"post_tag","embeddable":true,"href":"https:\/\/labestiapolitica.com.mx\/index.php?rest_route=%2Fwp%2Fv2%2Ftags&post=71632"}],"curies":[{"name":"wp","href":"https:\/\/api.w.org\/{rel}","templated":true}]}}