{"id":71639,"date":"2026-04-30T10:45:27","date_gmt":"2026-04-30T16:45:27","guid":{"rendered":"https:\/\/labestiapolitica.com.mx\/?p=71639"},"modified":"2026-04-30T10:45:27","modified_gmt":"2026-04-30T16:45:27","slug":"%f0%9f%8e%82-gran-festejo-en-la-primaria-santiago-xicotencatl-dia-del-nino-en-san-francisco-atexcatzinco-%f0%9f%91%a7%f0%9f%a7%92%e2%9c%a8","status":"publish","type":"post","link":"https:\/\/labestiapolitica.com.mx\/?p=71639","title":{"rendered":"\ud83c\udf82 \u00a1Gran festejo en la Primaria Santiago Xicot\u00e9ncatl!: D\u00eda del ni\u00f1o en San Francisco Atexcatzinco \ud83d\udc67\ud83e\uddd2\u2728"},"content":{"rendered":"<p style=\"text-align: justify;\" data-path-to-node=\"3\"><b data-path-to-node=\"3\" data-index-in-node=\"0\">\u00a1As\u00ed iniciamos nuestro recorrido de celebraci\u00f3n!<\/b> No pod\u00edamos dejar pasar la oportunidad de festejar a los m\u00e1s peque\u00f1os en su d\u00eda. Nos sentimos muy felices de haber visitado la escuela primaria <b data-path-to-node=\"3\" data-index-in-node=\"193\">Santiago Xicot\u00e9ncatl<\/b>, donde compartimos momentos llenos de risas y mucha emoci\u00f3n. \ud83c\udf88\ud83c\udf6d<\/p>\n<p style=\"text-align: justify;\" data-path-to-node=\"4\">Queremos expresar un agradecimiento especial al <b data-path-to-node=\"4\" data-index-in-node=\"48\">Director Rosalio Mendieta<\/b> y al <b data-path-to-node=\"4\" data-index-in-node=\"79\">comit\u00e9 de padres de familia<\/b> por abrirnos las puertas y permitirnos ser parte de esta gran sorpresa. \u00a1Ver la emoci\u00f3n de las ni\u00f1as y ni\u00f1os al compartir el pastel fue el mejor inicio de jornada que pudimos tener! \ud83c\udf70\ud83d\udc96<\/p>\n<p style=\"text-align: justify;\" data-path-to-node=\"5\"><b data-path-to-node=\"5\" data-index-in-node=\"0\">\u00bfQu\u00e9 vivimos hoy?<\/b><\/p>\n<ul style=\"text-align: justify;\" data-path-to-node=\"6\">\n<li>\n<p data-path-to-node=\"6,0,0\"><b data-path-to-node=\"6,0,0\" data-index-in-node=\"0\">Convivencia Real:<\/b> Fortalecimos el lazo con los docentes y padres de familia de Atexcatzinco. \ud83e\udd1d\ud83c\udfeb<\/p>\n<\/li>\n<li>\n<p data-path-to-node=\"6,1,0\"><b data-path-to-node=\"6,1,0\" data-index-in-node=\"0\">Dulces Momentos:<\/b> Un delicioso pastel para celebrar la chispa de nuestra ni\u00f1ez. \ud83c\udf82 de<\/p>\n<\/li>\n<li>\n<p data-path-to-node=\"6,2,0\"><b data-path-to-node=\"6,2,0\" data-index-in-node=\"0\">Compromiso con la Educaci\u00f3n:<\/b> Visitamos las aulas para reafirmar que el bienestar de los alumnos es nuestra prioridad. \ud83d\udcda\u2728<\/p>\n<\/li>\n<\/ul>\n<p style=\"text-align: justify;\" data-path-to-node=\"7\">\u00a1Esperamos de coraz\u00f3n que hayan disfrutado mucho su pastel! Seguiremos recorriendo cada rinc\u00f3n para que la felicidad llegue a todos nuestros peques. \u00a1Feliz D\u00eda del Ni\u00f1o! \ud83e\udd73\ud83c\udf08<\/p>\n","protected":false},"excerpt":{"rendered":"<p>\u00a1As\u00ed iniciamos nuestro recorrido de celebraci\u00f3n! No pod\u00edamos dejar pasar la oportunidad de festejar a los m\u00e1s peque\u00f1os en su d\u00eda. Nos sentimos muy felices de haber visitado la escuela primaria Santiago Xicot\u00e9ncatl, donde compartimos momentos llenos de risas y mucha emoci\u00f3n. \ud83c\udf88\ud83c\udf6d Queremos expresar un agradecimiento especial al Director Rosalio Mendieta y al comit\u00e9 [&hellip;]<\/p>\n","protected":false},"author":3,"featured_media":71640,"comment_status":"open","ping_status":"open","sticky":false,"template":"","format":"standard","meta":{"footnotes":""},"categories":[227],"tags":[],"class_list":["post-71639","post","type-post","status-publish","format-standard","has-post-thumbnail","hentry","category-tetla"],"amp_enabled":true,"_links":{"self":[{"href":"https:\/\/labestiapolitica.com.mx\/index.php?rest_route=\/wp\/v2\/posts\/71639","targetHints":{"allow":["GET"]}}],"collection":[{"href":"https:\/\/labestiapolitica.com.mx\/index.php?rest_route=\/wp\/v2\/posts"}],"about":[{"href":"https:\/\/labestiapolitica.com.mx\/index.php?rest_route=\/wp\/v2\/types\/post"}],"author":[{"embeddable":true,"href":"https:\/\/labestiapolitica.com.mx\/index.php?rest_route=\/wp\/v2\/users\/3"}],"replies":[{"embeddable":true,"href":"https:\/\/labestiapolitica.com.mx\/index.php?rest_route=%2Fwp%2Fv2%2Fcomments&post=71639"}],"version-history":[{"count":1,"href":"https:\/\/labestiapolitica.com.mx\/index.php?rest_route=\/wp\/v2\/posts\/71639\/revisions"}],"predecessor-version":[{"id":71641,"href":"https:\/\/labestiapolitica.com.mx\/index.php?rest_route=\/wp\/v2\/posts\/71639\/revisions\/71641"}],"wp:featuredmedia":[{"embeddable":true,"href":"https:\/\/labestiapolitica.com.mx\/index.php?rest_route=\/wp\/v2\/media\/71640"}],"wp:attachment":[{"href":"https:\/\/labestiapolitica.com.mx\/index.php?rest_route=%2Fwp%2Fv2%2Fmedia&parent=71639"}],"wp:term":[{"taxonomy":"category","embeddable":true,"href":"https:\/\/labestiapolitica.com.mx\/index.php?rest_route=%2Fwp%2Fv2%2Fcategories&post=71639"},{"taxonomy":"post_tag","embeddable":true,"href":"https:\/\/labestiapolitica.com.mx\/index.php?rest_route=%2Fwp%2Fv2%2Ftags&post=71639"}],"curies":[{"name":"wp","href":"https:\/\/api.w.org\/{rel}","templated":true}]}}