{"id":71644,"date":"2026-04-30T11:00:57","date_gmt":"2026-04-30T17:00:57","guid":{"rendered":"https:\/\/labestiapolitica.com.mx\/?p=71644"},"modified":"2026-04-30T11:05:15","modified_gmt":"2026-04-30T17:05:15","slug":"cinismo-el-de-morena-oposicion-en-tlaxcala-arremete-por-caso-rocha-moya","status":"publish","type":"post","link":"https:\/\/labestiapolitica.com.mx\/?p=71644","title":{"rendered":"\u201cCinismo el de Morena\u201d\u2026 Oposici\u00f3n en Tlaxcala arremete por caso Rocha Moya."},"content":{"rendered":"<p style=\"text-align: justify;\"><em><strong>Demian M\u00e1rquez | <\/strong><\/em>El se\u00f1alamiento del gobierno de Estados Unidos contra el gobernador de Sinaloa, Rub\u00e9n Rocha Moya, por presuntos v\u00ednculos con el narcotr\u00e1fico deton\u00f3 reacciones encontradas entre actores pol\u00edticos de Tlaxcala, durante el espacio informativo \u201cSin Anestesia\u201d del medio digital La Bestia Pol\u00edtica.<\/p>\n<p style=\"text-align: justify;\">Mientras figuras de oposici\u00f3n cuestionaron con dureza el caso de el funcionario emanado de las filas de Morena, el gobierno estatal se sum\u00f3 al respaldo emitido por mandatarios afines al partido pol\u00edtico.<\/p>\n<p style=\"text-align: justify;\">La senadora del PRI, Anabell \u00c1valos Zempoalteca calific\u00f3 el caso como una confirmaci\u00f3n de lo que, afirm\u00f3, \u201cya se sab\u00eda\u201d, al se\u00f1alar que la inseguridad en el pa\u00eds responde a decisiones de gobierno.<\/p>\n<p style=\"text-align: justify;\">Asegur\u00f3 que existe una permisividad hacia el crimen organizado y exigi\u00f3 investigaciones serias, al tiempo que critic\u00f3 el respaldo p\u00fablico de gobernadores, entre ellos la de Tlaxcala, al mandatario sinaloense.<\/p>\n<p style=\"text-align: justify;\">Tambi\u00e9n demand\u00f3 que las autoridades de seguridad act\u00faen y dejen de emitir posicionamientos sin resultados.<\/p>\n<p style=\"text-align: justify;\">En la misma l\u00ednea, Danae Figueroa coordinadora estatal de Movimiento Ciudadano en Tlaxcala, cuestion\u00f3 la credibilidad de las instituciones bajo gobiernos de Morena, al considerar que no hay condiciones de justicia imparcial.<\/p>\n<p style=\"text-align: justify;\">Respald\u00f3 la postura nacional de su partido para separar del cargo a Rocha Moya mientras se desarrollan las investigaciones y advirti\u00f3 que la ciudadan\u00eda enfrenta un entorno donde, dijo, la ley no se aplica de manera equitativa.<\/p>\n<p style=\"text-align: justify;\">Por su parte, el dirigente estatal del PAN, \u00c1ngelo Guti\u00e9rrez Hern\u00e1ndez, elev\u00f3 el tono al se\u00f1alar que el caso podr\u00eda escalar a otros actores pol\u00edticos a nivel nacional.<\/p>\n<p style=\"text-align: justify;\">Afirm\u00f3 que las acusaciones evidencian una presunta relaci\u00f3n entre el poder y el crimen organizado, y sostuvo que las investigaciones en Estados Unidos avanzan con mayor firmeza que en M\u00e9xico.<\/p>\n<p style=\"text-align: justify;\">Adem\u00e1s, calific\u00f3 como un acto de \u201ccinismo\u201d la postura de Morena al respaldar p\u00fablicamente al mandatario sinaloense, pese a la gravedad de los se\u00f1alamientos.<\/p>\n<p style=\"text-align: justify;\">En contraste, la gobernadora de Tlaxcala, Lorena Cu\u00e9llar Cisneros, se sum\u00f3 al posicionamiento conjunto de mandatarios estatales que expresaron apoyo a Rocha Moya, argumentando que las acusaciones carecen de sustento.<\/p>\n<p style=\"text-align: justify;\">Esta postura fue cuestionada por los actores de oposici\u00f3n, quienes se\u00f1alaron que se trata de una defensa anticipada frente a se\u00f1alamientos graves.<\/p>\n<p style=\"text-align: justify;\">Es de mencionar que el caso Rocha Moya, tiene origen en una acusaci\u00f3n presentada por autoridades estadounidenses, que involucra tambi\u00e9n a otros funcionarios de Sinaloa por presunto tr\u00e1fico de drogas y delitos relacionados con armas, bajo la hip\u00f3tesis de colaboraci\u00f3n con el C\u00e1rtel de Sinaloa.<\/p>\n","protected":false},"excerpt":{"rendered":"<p>Demian M\u00e1rquez | El se\u00f1alamiento del gobierno de Estados Unidos contra el gobernador de Sinaloa, Rub\u00e9n Rocha Moya, por presuntos v\u00ednculos con el narcotr\u00e1fico deton\u00f3 reacciones encontradas entre actores pol\u00edticos de Tlaxcala, durante el espacio informativo \u201cSin Anestesia\u201d del medio digital La Bestia Pol\u00edtica. Mientras figuras de oposici\u00f3n cuestionaron con dureza el caso de el [&hellip;]<\/p>\n","protected":false},"author":5,"featured_media":71647,"comment_status":"open","ping_status":"open","sticky":false,"template":"","format":"standard","meta":{"footnotes":""},"categories":[3,12],"tags":[],"class_list":["post-71644","post","type-post","status-publish","format-standard","has-post-thumbnail","hentry","category-8-columnas","category-brujula-2026"],"amp_enabled":true,"_links":{"self":[{"href":"https:\/\/labestiapolitica.com.mx\/index.php?rest_route=\/wp\/v2\/posts\/71644","targetHints":{"allow":["GET"]}}],"collection":[{"href":"https:\/\/labestiapolitica.com.mx\/index.php?rest_route=\/wp\/v2\/posts"}],"about":[{"href":"https:\/\/labestiapolitica.com.mx\/index.php?rest_route=\/wp\/v2\/types\/post"}],"author":[{"embeddable":true,"href":"https:\/\/labestiapolitica.com.mx\/index.php?rest_route=\/wp\/v2\/users\/5"}],"replies":[{"embeddable":true,"href":"https:\/\/labestiapolitica.com.mx\/index.php?rest_route=%2Fwp%2Fv2%2Fcomments&post=71644"}],"version-history":[{"count":1,"href":"https:\/\/labestiapolitica.com.mx\/index.php?rest_route=\/wp\/v2\/posts\/71644\/revisions"}],"predecessor-version":[{"id":71645,"href":"https:\/\/labestiapolitica.com.mx\/index.php?rest_route=\/wp\/v2\/posts\/71644\/revisions\/71645"}],"wp:featuredmedia":[{"embeddable":true,"href":"https:\/\/labestiapolitica.com.mx\/index.php?rest_route=\/wp\/v2\/media\/71647"}],"wp:attachment":[{"href":"https:\/\/labestiapolitica.com.mx\/index.php?rest_route=%2Fwp%2Fv2%2Fmedia&parent=71644"}],"wp:term":[{"taxonomy":"category","embeddable":true,"href":"https:\/\/labestiapolitica.com.mx\/index.php?rest_route=%2Fwp%2Fv2%2Fcategories&post=71644"},{"taxonomy":"post_tag","embeddable":true,"href":"https:\/\/labestiapolitica.com.mx\/index.php?rest_route=%2Fwp%2Fv2%2Ftags&post=71644"}],"curies":[{"name":"wp","href":"https:\/\/api.w.org\/{rel}","templated":true}]}}