{"id":71652,"date":"2026-04-30T11:34:59","date_gmt":"2026-04-30T17:34:59","guid":{"rendered":"https:\/\/labestiapolitica.com.mx\/?p=71652"},"modified":"2026-04-30T11:34:59","modified_gmt":"2026-04-30T17:34:59","slug":"tetla-inicia-festejos-del-dia-de-la-nina-y-el-nino-con-actividades-gratuitas","status":"publish","type":"post","link":"https:\/\/labestiapolitica.com.mx\/?p=71652","title":{"rendered":"Tetla inicia festejos del D\u00eda de la Ni\u00f1a y el Ni\u00f1o con actividades gratuitas."},"content":{"rendered":"<p style=\"text-align: justify;\"><em><strong>Demian M\u00e1rquez<\/strong> <\/em>| Con un ambiente familiar y de alegr\u00eda, el municipio de Tetla de la Solidaridad dio inicio a los festejos por el D\u00eda de la Ni\u00f1a y el Ni\u00f1o en la Unidad Deportiva Luis Donaldo Colosio, donde decenas de familias se dieron cita para participar en las actividades organizadas por el ayuntamiento en coordinaci\u00f3n con el DIF municipal.<\/p>\n<p style=\"text-align: justify;\">El arranque incluy\u00f3 una funci\u00f3n de circo, juegos mec\u00e1nicos, pintacaritas y la rifa de juguetes, lo que permiti\u00f3 a ni\u00f1as y ni\u00f1os disfrutar de una jornada recreativa en compa\u00f1\u00eda de sus familias.<\/p>\n<p style=\"text-align: justify;\">Las autoridades municipales informaron que todas las actividades son completamente gratuitas, con el objetivo de garantizar el acceso de toda la poblaci\u00f3n infantil.<\/p>\n<p style=\"text-align: justify;\">Este programa forma parte de una agenda que se desarrollar\u00e1 durante cinco d\u00edas consecutivos, en los que se prev\u00e9 la realizaci\u00f3n de diversas din\u00e1micas y espect\u00e1culos dirigidos a los menores del municipio, promoviendo espacios de convivencia y entretenimiento.<\/p>\n<p style=\"text-align: justify;\">Con estas acciones, el gobierno municipal busca ofrecer alternativas de esparcimiento para la ni\u00f1ez, fortaleciendo la convivencia familiar y acercando actividades recreativas a la poblaci\u00f3n sin costo alguno.<\/p>\n","protected":false},"excerpt":{"rendered":"<p>Demian M\u00e1rquez | Con un ambiente familiar y de alegr\u00eda, el municipio de Tetla de la Solidaridad dio inicio a los festejos por el D\u00eda de la Ni\u00f1a y el Ni\u00f1o en la Unidad Deportiva Luis Donaldo Colosio, donde decenas de familias se dieron cita para participar en las actividades organizadas por el ayuntamiento en [&hellip;]<\/p>\n","protected":false},"author":5,"featured_media":71653,"comment_status":"open","ping_status":"open","sticky":false,"template":"","format":"standard","meta":{"footnotes":""},"categories":[3,216,227],"tags":[],"class_list":["post-71652","post","type-post","status-publish","format-standard","has-post-thumbnail","hentry","category-8-columnas","category-municipios","category-tetla"],"amp_enabled":true,"_links":{"self":[{"href":"https:\/\/labestiapolitica.com.mx\/index.php?rest_route=\/wp\/v2\/posts\/71652","targetHints":{"allow":["GET"]}}],"collection":[{"href":"https:\/\/labestiapolitica.com.mx\/index.php?rest_route=\/wp\/v2\/posts"}],"about":[{"href":"https:\/\/labestiapolitica.com.mx\/index.php?rest_route=\/wp\/v2\/types\/post"}],"author":[{"embeddable":true,"href":"https:\/\/labestiapolitica.com.mx\/index.php?rest_route=\/wp\/v2\/users\/5"}],"replies":[{"embeddable":true,"href":"https:\/\/labestiapolitica.com.mx\/index.php?rest_route=%2Fwp%2Fv2%2Fcomments&post=71652"}],"version-history":[{"count":1,"href":"https:\/\/labestiapolitica.com.mx\/index.php?rest_route=\/wp\/v2\/posts\/71652\/revisions"}],"predecessor-version":[{"id":71654,"href":"https:\/\/labestiapolitica.com.mx\/index.php?rest_route=\/wp\/v2\/posts\/71652\/revisions\/71654"}],"wp:featuredmedia":[{"embeddable":true,"href":"https:\/\/labestiapolitica.com.mx\/index.php?rest_route=\/wp\/v2\/media\/71653"}],"wp:attachment":[{"href":"https:\/\/labestiapolitica.com.mx\/index.php?rest_route=%2Fwp%2Fv2%2Fmedia&parent=71652"}],"wp:term":[{"taxonomy":"category","embeddable":true,"href":"https:\/\/labestiapolitica.com.mx\/index.php?rest_route=%2Fwp%2Fv2%2Fcategories&post=71652"},{"taxonomy":"post_tag","embeddable":true,"href":"https:\/\/labestiapolitica.com.mx\/index.php?rest_route=%2Fwp%2Fv2%2Ftags&post=71652"}],"curies":[{"name":"wp","href":"https:\/\/api.w.org\/{rel}","templated":true}]}}