{"id":71659,"date":"2026-04-30T11:53:43","date_gmt":"2026-04-30T17:53:43","guid":{"rendered":"https:\/\/labestiapolitica.com.mx\/?p=71659"},"modified":"2026-04-30T11:53:43","modified_gmt":"2026-04-30T17:53:43","slug":"apizaco-celebra-a-la-ninez-con-jornada-llena-de-juegos-musica-y-convivencia-familiar","status":"publish","type":"post","link":"https:\/\/labestiapolitica.com.mx\/?p=71659","title":{"rendered":"Apizaco celebra a la ni\u00f1ez con jornada llena de juegos, m\u00fasica y convivencia familiar."},"content":{"rendered":"<p style=\"text-align: justify;\"><strong><em>Demian M\u00e1rquez<\/em><\/strong> | El Ayuntamiento de Apizaco, encabezado por Javier Rivera Bonilla, llev\u00f3 a cabo un festejo masivo con motivo del D\u00eda de la Ni\u00f1a y el Ni\u00f1o, donde cientos de familias se dieron cita para participar en una jornada dedicada al entretenimiento y la convivencia.<\/p>\n<p style=\"text-align: justify;\">Durante el evento, organizado en coordinaci\u00f3n con el DIF municipal, se ofrecieron diversas actividades recreativas, deportivas y culturales.<\/p>\n<p style=\"text-align: justify;\">Las ni\u00f1as y ni\u00f1os pudieron participar en din\u00e1micas para obtener premios, acceder a juegos, disfrutar de alimentos y presenciar espect\u00e1culos como show de payasos y m\u00fasica en vivo, en un ambiente enfocado en la diversi\u00f3n.<\/p>\n<p style=\"text-align: justify;\">En su mensaje, el alcalde destac\u00f3 que la ni\u00f1ez es una prioridad para su administraci\u00f3n y subray\u00f3 la importancia de generar espacios donde puedan desarrollarse de manera sana.<\/p>\n<p style=\"text-align: justify;\">Se\u00f1al\u00f3 que este tipo de actividades buscan fortalecer el tejido social a trav\u00e9s de la convivencia entre familias.<\/p>\n<p style=\"text-align: justify;\">Rivera Bonilla tambi\u00e9n hizo un llamado a madres, padres y cuidadores a involucrarse activamente en la vida de los menores, priorizando el tiempo de calidad y la cercan\u00eda familiar como base para su formaci\u00f3n.<\/p>\n<p style=\"text-align: justify;\">Insisti\u00f3 en que la atenci\u00f3n a la infancia no debe limitarse a una fecha, sino mantenerse de forma constante.<\/p>\n<p style=\"text-align: justify;\">Por su parte, autoridades del DIF municipal resaltaron que el objetivo principal del festejo fue garantizar un d\u00eda memorable para las ni\u00f1as y ni\u00f1os, en el que pudieran disfrutar plenamente de su etapa y generar recuerdos positivos.<\/p>\n<p style=\"text-align: justify;\">Es as\u00ed que con una gran participaci\u00f3n ciudadana y un ambiente festivo, que las familias de Apizaco convivieron en actividades dise\u00f1adas para celebrar a la ni\u00f1ez como parte fundamental de la comunidad.<\/p>\n","protected":false},"excerpt":{"rendered":"<p>Demian M\u00e1rquez | El Ayuntamiento de Apizaco, encabezado por Javier Rivera Bonilla, llev\u00f3 a cabo un festejo masivo con motivo del D\u00eda de la Ni\u00f1a y el Ni\u00f1o, donde cientos de familias se dieron cita para participar en una jornada dedicada al entretenimiento y la convivencia. Durante el evento, organizado en coordinaci\u00f3n con el DIF [&hellip;]<\/p>\n","protected":false},"author":5,"featured_media":71660,"comment_status":"open","ping_status":"open","sticky":false,"template":"","format":"standard","meta":{"footnotes":""},"categories":[3,226,216],"tags":[],"class_list":["post-71659","post","type-post","status-publish","format-standard","has-post-thumbnail","hentry","category-8-columnas","category-apizaco","category-municipios"],"amp_enabled":true,"_links":{"self":[{"href":"https:\/\/labestiapolitica.com.mx\/index.php?rest_route=\/wp\/v2\/posts\/71659","targetHints":{"allow":["GET"]}}],"collection":[{"href":"https:\/\/labestiapolitica.com.mx\/index.php?rest_route=\/wp\/v2\/posts"}],"about":[{"href":"https:\/\/labestiapolitica.com.mx\/index.php?rest_route=\/wp\/v2\/types\/post"}],"author":[{"embeddable":true,"href":"https:\/\/labestiapolitica.com.mx\/index.php?rest_route=\/wp\/v2\/users\/5"}],"replies":[{"embeddable":true,"href":"https:\/\/labestiapolitica.com.mx\/index.php?rest_route=%2Fwp%2Fv2%2Fcomments&post=71659"}],"version-history":[{"count":1,"href":"https:\/\/labestiapolitica.com.mx\/index.php?rest_route=\/wp\/v2\/posts\/71659\/revisions"}],"predecessor-version":[{"id":71661,"href":"https:\/\/labestiapolitica.com.mx\/index.php?rest_route=\/wp\/v2\/posts\/71659\/revisions\/71661"}],"wp:featuredmedia":[{"embeddable":true,"href":"https:\/\/labestiapolitica.com.mx\/index.php?rest_route=\/wp\/v2\/media\/71660"}],"wp:attachment":[{"href":"https:\/\/labestiapolitica.com.mx\/index.php?rest_route=%2Fwp%2Fv2%2Fmedia&parent=71659"}],"wp:term":[{"taxonomy":"category","embeddable":true,"href":"https:\/\/labestiapolitica.com.mx\/index.php?rest_route=%2Fwp%2Fv2%2Fcategories&post=71659"},{"taxonomy":"post_tag","embeddable":true,"href":"https:\/\/labestiapolitica.com.mx\/index.php?rest_route=%2Fwp%2Fv2%2Ftags&post=71659"}],"curies":[{"name":"wp","href":"https:\/\/api.w.org\/{rel}","templated":true}]}}