{"id":71679,"date":"2026-04-30T14:32:22","date_gmt":"2026-04-30T20:32:22","guid":{"rendered":"https:\/\/labestiapolitica.com.mx\/?p=71679"},"modified":"2026-04-30T14:33:02","modified_gmt":"2026-04-30T20:33:02","slug":"el-narco-ha-colonizado-espacios-del-gobierno-lider-del-prd-estatal-tras-caso-rocha-moya","status":"publish","type":"post","link":"https:\/\/labestiapolitica.com.mx\/?p=71679","title":{"rendered":"\u201cEl narco ha colonizado espacios del gobierno\u201d: L\u00edder del PRD estatal, tras caso Rocha Moya"},"content":{"rendered":"<p class=\"p1\" style=\"text-align: justify;\">Mariana LOVERA\/\/ En entrevista, el dirigente estatal del Partido de la Revoluci\u00f3n Democr\u00e1tica (PRD), Juan Manuel Cambr\u00f3n, calific\u00f3 como \u201clamentable\u201d la situaci\u00f3n que envuelve al gobernador Rub\u00e9n Rocha Moya y asegur\u00f3 que este caso confirma lo que su partido ha se\u00f1alado desde distintas trincheras: que el gobierno tambi\u00e9n ha sido colonizado por el crimen organizado.<\/p>\n<p class=\"p1\" style=\"text-align: justify;\"><span class=\"s1\">\u201cAs\u00ed como el r\u00e9gimen coloniz\u00f3 las instituciones, parece que el narco ha colonizado algunos espacios del gobierno\u201d, declar\u00f3 Cambr\u00f3n, quien exhort\u00f3 a la presidenta Claudia Sheinbaum y a Morena deslindarse del caso y dar un castigo ejemplar.<\/span><\/p>\n<p class=\"p1\" style=\"text-align: justify;\"><span class=\"s1\">El l\u00edder perredista critic\u00f3 la reacci\u00f3n del gobierno federal, al se\u00f1alar que \u201cno basta con salir a querer encubrir lo que est\u00e1 sucediendo\u201d. Advirti\u00f3 que este podr\u00eda ser \u201cuno de muchos casos\u201d que ocurran en el pa\u00eds, y calific\u00f3 como peligrosa cualquier intento de protecci\u00f3n hacia el mandatario estatal.<\/span><\/p>\n<p class=\"p1\" style=\"text-align: justify;\"><span class=\"s1\">Sobre las declaraciones de la presidenta, quien se\u00f1al\u00f3 que sin pruebas el tema es pol\u00edtico, Cambr\u00f3n respondi\u00f3: \u201cPues mira, yo creo que le corresponde al gobierno mexicano investigar tambi\u00e9n\u201d. A\u00f1adi\u00f3 que, de acuerdo con lo expuesto por abogados, la parte procesal a\u00fan no inicia para la presentaci\u00f3n de pruebas, pues primero deber\u00e1 haber un juicio y una extradici\u00f3n.<\/span><\/p>\n<p class=\"p1\" style=\"text-align: justify;\"><span class=\"s1\">Finalmente, sentenci\u00f3: \u201cEsa reacci\u00f3n que hace el gobierno para encubrir o proteger a Rocha Moya deja mucho que decir\u201d.<\/span><\/p>\n","protected":false},"excerpt":{"rendered":"<p>Mariana LOVERA\/\/ En entrevista, el dirigente estatal del Partido de la Revoluci\u00f3n Democr\u00e1tica (PRD), Juan Manuel Cambr\u00f3n, calific\u00f3 como \u201clamentable\u201d la situaci\u00f3n que envuelve al gobernador Rub\u00e9n Rocha Moya y asegur\u00f3 que este caso confirma lo que su partido ha se\u00f1alado desde distintas trincheras: que el gobierno tambi\u00e9n ha sido colonizado por el crimen organizado. [&hellip;]<\/p>\n","protected":false},"author":6,"featured_media":71681,"comment_status":"open","ping_status":"open","sticky":false,"template":"","format":"standard","meta":{"footnotes":""},"categories":[3,247,251],"tags":[],"class_list":["post-71679","post","type-post","status-publish","format-standard","has-post-thumbnail","hentry","category-8-columnas","category-politica","category-prd"],"amp_enabled":true,"_links":{"self":[{"href":"https:\/\/labestiapolitica.com.mx\/index.php?rest_route=\/wp\/v2\/posts\/71679","targetHints":{"allow":["GET"]}}],"collection":[{"href":"https:\/\/labestiapolitica.com.mx\/index.php?rest_route=\/wp\/v2\/posts"}],"about":[{"href":"https:\/\/labestiapolitica.com.mx\/index.php?rest_route=\/wp\/v2\/types\/post"}],"author":[{"embeddable":true,"href":"https:\/\/labestiapolitica.com.mx\/index.php?rest_route=\/wp\/v2\/users\/6"}],"replies":[{"embeddable":true,"href":"https:\/\/labestiapolitica.com.mx\/index.php?rest_route=%2Fwp%2Fv2%2Fcomments&post=71679"}],"version-history":[{"count":1,"href":"https:\/\/labestiapolitica.com.mx\/index.php?rest_route=\/wp\/v2\/posts\/71679\/revisions"}],"predecessor-version":[{"id":71680,"href":"https:\/\/labestiapolitica.com.mx\/index.php?rest_route=\/wp\/v2\/posts\/71679\/revisions\/71680"}],"wp:featuredmedia":[{"embeddable":true,"href":"https:\/\/labestiapolitica.com.mx\/index.php?rest_route=\/wp\/v2\/media\/71681"}],"wp:attachment":[{"href":"https:\/\/labestiapolitica.com.mx\/index.php?rest_route=%2Fwp%2Fv2%2Fmedia&parent=71679"}],"wp:term":[{"taxonomy":"category","embeddable":true,"href":"https:\/\/labestiapolitica.com.mx\/index.php?rest_route=%2Fwp%2Fv2%2Fcategories&post=71679"},{"taxonomy":"post_tag","embeddable":true,"href":"https:\/\/labestiapolitica.com.mx\/index.php?rest_route=%2Fwp%2Fv2%2Ftags&post=71679"}],"curies":[{"name":"wp","href":"https:\/\/api.w.org\/{rel}","templated":true}]}}