{"id":71683,"date":"2026-04-30T18:33:39","date_gmt":"2026-05-01T00:33:39","guid":{"rendered":"https:\/\/labestiapolitica.com.mx\/?p=71683"},"modified":"2026-04-30T19:50:38","modified_gmt":"2026-05-01T01:50:38","slug":"delegacion-d-iii-1-del-snte-no-marchara-este1-de-mayo-por-falta-de-respaldo-a-sus-demandas","status":"publish","type":"post","link":"https:\/\/labestiapolitica.com.mx\/?p=71683","title":{"rendered":"Delegaci\u00f3n D-III-1 del SNTE se ausentar\u00e1 de la marcha del 1 de mayo por falta de respaldo a sus demandas"},"content":{"rendered":"<p style=\"text-align: justify;\" data-start=\"192\" data-end=\"208\"><em data-start=\"192\" data-end=\"208\">Mariana Lovera \/\/ <\/em>La Delegaci\u00f3n D-III-1 del Sindicato Nacional de Trabajadores de la Educaci\u00f3n (SNTE), perteneciente a la Secci\u00f3n 31 en Tlaxcala, inform\u00f3 que no participar\u00e1 en la marcha del D\u00eda del Trabajo este 1 de mayo, en protesta por la falta de atenci\u00f3n a sus demandas laborales y la ausencia de respuesta por parte del Comit\u00e9 Ejecutivo Estatal.<\/p>\n<p style=\"text-align: justify;\" data-start=\"544\" data-end=\"989\">A trav\u00e9s de un comunicado dirigido a su base trabajadora y a la opini\u00f3n p\u00fablica, el Comit\u00e9 Ejecutivo Delegacional \u2014que representa al personal de apoyo y asistencia a la educaci\u00f3n (PAAE) de la Unidad de Servicios Educativos del Estado de Tlaxcala (USET)\u2014 denunci\u00f3 la falta de respaldo a las exigencias que, de manera reiterada, han planteado trabajadores de oficinas centrales de la USET y de la Secretar\u00eda de Educaci\u00f3n P\u00fablica del Estado (SEPE).<\/p>\n<p style=\"text-align: justify;\" data-start=\"991\" data-end=\"1483\">Entre sus principales inconformidades, destaca la exigencia de reinstalaci\u00f3n de la exdirigente Gwendolynee Amaro Ram\u00edrez, quien \u2014seg\u00fan se\u00f1alan\u2014 habr\u00eda sido afectada por decisiones de car\u00e1cter pol\u00edtico, lo que califican como un abuso en los procedimientos legales. Asimismo, demandan que el SNTE impulse con firmeza la derogaci\u00f3n de la Ley del ISSSTE de 2007, con el objetivo de eliminar el sistema de cuentas individuales y restituir el r\u00e9gimen del D\u00e9cimo Transitorio en materia de pensiones.<\/p>\n<p style=\"text-align: justify;\" data-start=\"1485\" data-end=\"1872\">El documento tambi\u00e9n enfatiza la necesidad de garantizar una aut\u00e9ntica democracia sindical, as\u00ed como condiciones de respeto e igualdad para todos los agremiados. En este sentido, subrayan que el personal PAAE, tanto en escuelas como en \u00e1reas administrativas, debe recibir el mismo respaldo que el personal docente, al denunciar que con frecuencia enfrentan acoso e injusticias laborales.<\/p>\n<p style=\"text-align: justify;\" data-start=\"1874\" data-end=\"2201\">Adem\u00e1s, plantean la eliminaci\u00f3n de la Unidad de Medida y Actualizaci\u00f3n (UMA) como base de c\u00e1lculo para pensiones, debido a su impacto negativo en los trabajadores, y exigen la revisi\u00f3n de casos de cesant\u00eda de docentes y personal de apoyo, quienes \u2014afirman\u2014 han atravesado sus procesos con escaso o nulo acompa\u00f1amiento sindical.<\/p>\n<p style=\"text-align: justify;\" data-start=\"2203\" data-end=\"2425\">Finalmente, la Delegaci\u00f3n D-III-1 reiter\u00f3 que mantendr\u00e1 su decisi\u00f3n de no participar en la movilizaci\u00f3n del 1 de mayo hasta que existan compromisos claros y acciones concretas en favor de los derechos laborales de su base.<\/p>\n","protected":false},"excerpt":{"rendered":"<p>Mariana Lovera \/\/ La Delegaci\u00f3n D-III-1 del Sindicato Nacional de Trabajadores de la Educaci\u00f3n (SNTE), perteneciente a la Secci\u00f3n 31 en Tlaxcala, inform\u00f3 que no participar\u00e1 en la marcha del D\u00eda del Trabajo este 1 de mayo, en protesta por la falta de atenci\u00f3n a sus demandas laborales y la ausencia de respuesta por parte [&hellip;]<\/p>\n","protected":false},"author":6,"featured_media":71684,"comment_status":"open","ping_status":"open","sticky":false,"template":"","format":"standard","meta":{"footnotes":""},"categories":[3,7],"tags":[],"class_list":["post-71683","post","type-post","status-publish","format-standard","has-post-thumbnail","hentry","category-8-columnas","category-ciudadanos"],"amp_enabled":true,"_links":{"self":[{"href":"https:\/\/labestiapolitica.com.mx\/index.php?rest_route=\/wp\/v2\/posts\/71683","targetHints":{"allow":["GET"]}}],"collection":[{"href":"https:\/\/labestiapolitica.com.mx\/index.php?rest_route=\/wp\/v2\/posts"}],"about":[{"href":"https:\/\/labestiapolitica.com.mx\/index.php?rest_route=\/wp\/v2\/types\/post"}],"author":[{"embeddable":true,"href":"https:\/\/labestiapolitica.com.mx\/index.php?rest_route=\/wp\/v2\/users\/6"}],"replies":[{"embeddable":true,"href":"https:\/\/labestiapolitica.com.mx\/index.php?rest_route=%2Fwp%2Fv2%2Fcomments&post=71683"}],"version-history":[{"count":3,"href":"https:\/\/labestiapolitica.com.mx\/index.php?rest_route=\/wp\/v2\/posts\/71683\/revisions"}],"predecessor-version":[{"id":71687,"href":"https:\/\/labestiapolitica.com.mx\/index.php?rest_route=\/wp\/v2\/posts\/71683\/revisions\/71687"}],"wp:featuredmedia":[{"embeddable":true,"href":"https:\/\/labestiapolitica.com.mx\/index.php?rest_route=\/wp\/v2\/media\/71684"}],"wp:attachment":[{"href":"https:\/\/labestiapolitica.com.mx\/index.php?rest_route=%2Fwp%2Fv2%2Fmedia&parent=71683"}],"wp:term":[{"taxonomy":"category","embeddable":true,"href":"https:\/\/labestiapolitica.com.mx\/index.php?rest_route=%2Fwp%2Fv2%2Fcategories&post=71683"},{"taxonomy":"post_tag","embeddable":true,"href":"https:\/\/labestiapolitica.com.mx\/index.php?rest_route=%2Fwp%2Fv2%2Ftags&post=71683"}],"curies":[{"name":"wp","href":"https:\/\/api.w.org\/{rel}","templated":true}]}}