{"id":71688,"date":"2026-04-30T18:39:18","date_gmt":"2026-05-01T00:39:18","guid":{"rendered":"https:\/\/labestiapolitica.com.mx\/?p=71688"},"modified":"2026-04-30T18:40:34","modified_gmt":"2026-05-01T00:40:34","slug":"celebran-a-la-ninez-en-xaltocan-con-festival-lleno-de-alegria-y-convivencia","status":"publish","type":"post","link":"https:\/\/labestiapolitica.com.mx\/?p=71688","title":{"rendered":"Celebran a la ni\u00f1ez en Xaltocan con festival lleno de alegr\u00eda y convivencia"},"content":{"rendered":"<p style=\"text-align: justify;\">Demian M\u00e1rquez \/\/ En un ambiente festivo y familiar, el Ayuntamiento de Xaltocan, encabezado por el alcalde Jos\u00e9 Luis Hern\u00e1ndez V\u00e1zquez, celebr\u00f3 el D\u00eda de la Ni\u00f1ez con un evento que reuni\u00f3 a decenas de ni\u00f1as y ni\u00f1os, quienes disfrutaron de actividades recreativas, alimentos y sorpresas preparadas especialmente para ellos.<\/p>\n<p style=\"text-align: justify;\">Durante la jornada, el presidente municipal destac\u00f3 que este festejo fue organizado con dedicaci\u00f3n por todo el equipo de gobierno, con el objetivo de brindar a la ni\u00f1ez un espacio de alegr\u00eda y sano esparcimiento.<\/p>\n<p style=\"text-align: justify;\">Asimismo, envi\u00f3 un mensaje en el que invit\u00f3 a las y los menores a disfrutar plenamente esta etapa de su vida, resaltando la importancia de su felicidad y bienestar.<\/p>\n<p style=\"text-align: justify;\">El evento incluy\u00f3 la entrega de pastel, jugos, helados y otros alimentos, adem\u00e1s de din\u00e1micas de entretenimiento que generaron un ambiente de convivencia entre familias.<\/p>\n<p style=\"text-align: justify;\">Uno de los momentos m\u00e1s esperados fue la rifa de regalos, donde se entregaron bicicletas, patines y otros obsequios, provocando entusiasmo entre los asistentes.<\/p>\n<p style=\"text-align: justify;\">Habitantes y visitantes reconocieron la iniciativa del gobierno municipal, al considerar que este tipo de actividades fortalecen el tejido social y fomentan la cercan\u00eda entre autoridades y ciudadan\u00eda, en una fecha significativa dedicada a la ni\u00f1ez.<\/p>\n","protected":false},"excerpt":{"rendered":"<p>Demian M\u00e1rquez \/\/ En un ambiente festivo y familiar, el Ayuntamiento de Xaltocan, encabezado por el alcalde Jos\u00e9 Luis Hern\u00e1ndez V\u00e1zquez, celebr\u00f3 el D\u00eda de la Ni\u00f1ez con un evento que reuni\u00f3 a decenas de ni\u00f1as y ni\u00f1os, quienes disfrutaron de actividades recreativas, alimentos y sorpresas preparadas especialmente para ellos. Durante la jornada, el presidente [&hellip;]<\/p>\n","protected":false},"author":5,"featured_media":71691,"comment_status":"open","ping_status":"open","sticky":false,"template":"","format":"standard","meta":{"footnotes":""},"categories":[3,216,228],"tags":[],"class_list":["post-71688","post","type-post","status-publish","format-standard","has-post-thumbnail","hentry","category-8-columnas","category-municipios","category-xaltocan"],"amp_enabled":true,"_links":{"self":[{"href":"https:\/\/labestiapolitica.com.mx\/index.php?rest_route=\/wp\/v2\/posts\/71688","targetHints":{"allow":["GET"]}}],"collection":[{"href":"https:\/\/labestiapolitica.com.mx\/index.php?rest_route=\/wp\/v2\/posts"}],"about":[{"href":"https:\/\/labestiapolitica.com.mx\/index.php?rest_route=\/wp\/v2\/types\/post"}],"author":[{"embeddable":true,"href":"https:\/\/labestiapolitica.com.mx\/index.php?rest_route=\/wp\/v2\/users\/5"}],"replies":[{"embeddable":true,"href":"https:\/\/labestiapolitica.com.mx\/index.php?rest_route=%2Fwp%2Fv2%2Fcomments&post=71688"}],"version-history":[{"count":1,"href":"https:\/\/labestiapolitica.com.mx\/index.php?rest_route=\/wp\/v2\/posts\/71688\/revisions"}],"predecessor-version":[{"id":71689,"href":"https:\/\/labestiapolitica.com.mx\/index.php?rest_route=\/wp\/v2\/posts\/71688\/revisions\/71689"}],"wp:featuredmedia":[{"embeddable":true,"href":"https:\/\/labestiapolitica.com.mx\/index.php?rest_route=\/wp\/v2\/media\/71691"}],"wp:attachment":[{"href":"https:\/\/labestiapolitica.com.mx\/index.php?rest_route=%2Fwp%2Fv2%2Fmedia&parent=71688"}],"wp:term":[{"taxonomy":"category","embeddable":true,"href":"https:\/\/labestiapolitica.com.mx\/index.php?rest_route=%2Fwp%2Fv2%2Fcategories&post=71688"},{"taxonomy":"post_tag","embeddable":true,"href":"https:\/\/labestiapolitica.com.mx\/index.php?rest_route=%2Fwp%2Fv2%2Ftags&post=71688"}],"curies":[{"name":"wp","href":"https:\/\/api.w.org\/{rel}","templated":true}]}}