{"id":71692,"date":"2026-04-30T18:49:21","date_gmt":"2026-05-01T00:49:21","guid":{"rendered":"https:\/\/labestiapolitica.com.mx\/?p=71692"},"modified":"2026-04-30T18:49:35","modified_gmt":"2026-05-01T00:49:35","slug":"movimiento-ciudadano-arranca-copa-naranja-en-tlaxcala-con-torneo-infantil-itinerante","status":"publish","type":"post","link":"https:\/\/labestiapolitica.com.mx\/?p=71692","title":{"rendered":"Movimiento Ciudadano arranca Copa Naranja en Tlaxcala con torneo infantil itinerante"},"content":{"rendered":"<p style=\"text-align: justify;\">Demian M\u00e1rquez \/\/ Con motivo del D\u00eda de la Ni\u00f1a y el Ni\u00f1o, Movimiento Ciudadano puso en marcha la denominada \u201cCopa Naranja\u201d, un torneo de futbol infantil que inici\u00f3 este 30 de abril en la comunidad de Ocotl\u00e1n, en Tlaxcala, con la participaci\u00f3n de decenas de menores en un ambiente de convivencia y recreaci\u00f3n.<\/p>\n<p style=\"text-align: justify;\">El evento, realizado en la calle de Las Rosas, reuni\u00f3 a familias y equipos infantiles que se sumaron a esta jornada deportiva bajo el lema \u201cM\u00e9xico cree en M\u00e9xico\u201d.<\/p>\n<p style=\"text-align: justify;\">La din\u00e1mica incluy\u00f3 partidos, actividades recreativas y un sistema de puntos que los participantes pod\u00edan canjear por premios, con el objetivo de incentivar la participaci\u00f3n y el juego limpio.<\/p>\n<p style=\"text-align: justify;\">Durante el arranque, la coordinadora estatal de Movimiento Ciudadano, Danae Figueroa, asegur\u00f3 que esta iniciativa busca alejarse de tintes pol\u00edticos y centrarse en generar espacios de esparcimiento para la ni\u00f1ez.<\/p>\n<p style=\"text-align: justify;\">Indic\u00f3 que la Copa Naranja se replicar\u00e1 en distintos municipios del estado, invitando a las comunidades a solicitar su realizaci\u00f3n.<\/p>\n<p style=\"text-align: justify;\">Figueroa destac\u00f3 que el prop\u00f3sito principal es fomentar el deporte como herramienta de integraci\u00f3n social, al tiempo que se promueve la participaci\u00f3n de ni\u00f1as y ni\u00f1os en actividades que fortalezcan valores como el trabajo en equipo y la sana competencia.<\/p>\n<p style=\"text-align: justify;\">En el acto inaugural tambi\u00e9n particip\u00f3 la diputada federal Mariana Jim\u00e9nez Zamora, quien fue parte del arranque simb\u00f3lico del torneo mediante una ronda de penales.<\/p>\n<p style=\"text-align: justify;\">La legisladora acompa\u00f1\u00f3 a los organizadores en la apertura del evento y en la interacci\u00f3n con los menores asistentes.<\/p>\n<p style=\"text-align: justify;\">Finalmente, adelantaron que la Copa Naranja continuar\u00e1 su recorrido por distintas comunidades de Tlaxcala, como parte de una estrategia para ampliar la cobertura de actividades recreativas dirigidas a la ni\u00f1ez, en un contexto donde el deporte se posiciona como eje central de estas acciones.<\/p>\n","protected":false},"excerpt":{"rendered":"<p>Demian M\u00e1rquez \/\/ Con motivo del D\u00eda de la Ni\u00f1a y el Ni\u00f1o, Movimiento Ciudadano puso en marcha la denominada \u201cCopa Naranja\u201d, un torneo de futbol infantil que inici\u00f3 este 30 de abril en la comunidad de Ocotl\u00e1n, en Tlaxcala, con la participaci\u00f3n de decenas de menores en un ambiente de convivencia y recreaci\u00f3n. El [&hellip;]<\/p>\n","protected":false},"author":5,"featured_media":71693,"comment_status":"open","ping_status":"open","sticky":false,"template":"","format":"standard","meta":{"footnotes":""},"categories":[3,252,264],"tags":[],"class_list":["post-71692","post","type-post","status-publish","format-standard","has-post-thumbnail","hentry","category-8-columnas","category-movimiento-ciudadano","category-partidos-politicos"],"amp_enabled":true,"_links":{"self":[{"href":"https:\/\/labestiapolitica.com.mx\/index.php?rest_route=\/wp\/v2\/posts\/71692","targetHints":{"allow":["GET"]}}],"collection":[{"href":"https:\/\/labestiapolitica.com.mx\/index.php?rest_route=\/wp\/v2\/posts"}],"about":[{"href":"https:\/\/labestiapolitica.com.mx\/index.php?rest_route=\/wp\/v2\/types\/post"}],"author":[{"embeddable":true,"href":"https:\/\/labestiapolitica.com.mx\/index.php?rest_route=\/wp\/v2\/users\/5"}],"replies":[{"embeddable":true,"href":"https:\/\/labestiapolitica.com.mx\/index.php?rest_route=%2Fwp%2Fv2%2Fcomments&post=71692"}],"version-history":[{"count":1,"href":"https:\/\/labestiapolitica.com.mx\/index.php?rest_route=\/wp\/v2\/posts\/71692\/revisions"}],"predecessor-version":[{"id":71694,"href":"https:\/\/labestiapolitica.com.mx\/index.php?rest_route=\/wp\/v2\/posts\/71692\/revisions\/71694"}],"wp:featuredmedia":[{"embeddable":true,"href":"https:\/\/labestiapolitica.com.mx\/index.php?rest_route=\/wp\/v2\/media\/71693"}],"wp:attachment":[{"href":"https:\/\/labestiapolitica.com.mx\/index.php?rest_route=%2Fwp%2Fv2%2Fmedia&parent=71692"}],"wp:term":[{"taxonomy":"category","embeddable":true,"href":"https:\/\/labestiapolitica.com.mx\/index.php?rest_route=%2Fwp%2Fv2%2Fcategories&post=71692"},{"taxonomy":"post_tag","embeddable":true,"href":"https:\/\/labestiapolitica.com.mx\/index.php?rest_route=%2Fwp%2Fv2%2Ftags&post=71692"}],"curies":[{"name":"wp","href":"https:\/\/api.w.org\/{rel}","templated":true}]}}