{"id":71698,"date":"2026-05-01T06:15:55","date_gmt":"2026-05-01T12:15:55","guid":{"rendered":"https:\/\/labestiapolitica.com.mx\/?p=71698"},"modified":"2026-04-30T22:18:58","modified_gmt":"2026-05-01T04:18:58","slug":"morena-debe-romper-su-pacto-criminal-mariana-moguel-pide-un-alto-a-la-minimizacion-de-los-problemas","status":"publish","type":"post","link":"https:\/\/labestiapolitica.com.mx\/?p=71698","title":{"rendered":"\u201cMorena debe romper su pacto criminal\u00bb: Mariana Moguel pide un alto a la minimizaci\u00f3n de los problemas"},"content":{"rendered":"<p class=\"p1\" style=\"text-align: justify;\">Demian M\u00e1rquez \/\/ Durante su participaci\u00f3n en el programa Sin Anestesia, de La Bestia Pol\u00edtica, Mariana Moguel Robles, delegada del Comit\u00e9 Ejecutivo Nacional del PRI en Tlaxcala, lanz\u00f3 uno de los se\u00f1alamientos m\u00e1s duros contra el partido en el poder, al exigir a Morena romper lo que calific\u00f3 como un \u201cpacto criminal\u201d con el crimen organizado, al que responsabiliz\u00f3 de la violencia que afecta a mujeres, j\u00f3venes y familias en el pa\u00eds.<\/p>\n<p class=\"p1\" style=\"text-align: justify;\"><span class=\"s1\">Durante la conversaci\u00f3n, Moguel Robles sostuvo que la situaci\u00f3n de inseguridad y desapariciones no puede seguir minimiz\u00e1ndose, y asegur\u00f3 que existe una relaci\u00f3n preocupante entre estructuras pol\u00edticas y grupos delictivos. <\/span><\/p>\n<p class=\"p1\" style=\"text-align: justify;\"><span class=\"s1\">\u201cRompan el pacto\u201d, insisti\u00f3, al se\u00f1alar que este v\u00ednculo, seg\u00fan su postura, est\u00e1 detr\u00e1s del deterioro en la seguridad y del aumento en delitos de alto impacto.<\/span><\/p>\n<p class=\"p1\" style=\"text-align: justify;\"><span class=\"s1\">La delegada priista tambi\u00e9n abord\u00f3 el contexto estatal, donde afirm\u00f3 que Tlaxcala enfrenta un incremento en la percepci\u00f3n de inseguridad y en problem\u00e1ticas como los feminicidios.<\/span><\/p>\n<p class=\"p1\" style=\"text-align: justify;\"><span class=\"s1\">Critic\u00f3 que, aunque se presume una reducci\u00f3n de la pobreza, esta no se ha traducido en mejoras reales en servicios b\u00e1sicos, salud o vivienda, lo que dijo, evidencia una visi\u00f3n limitada del desarrollo social.<\/span><\/p>\n<p class=\"p1\" style=\"text-align: justify;\"><span class=\"s1\">En materia econ\u00f3mica y social, cuestion\u00f3 la asignaci\u00f3n de recursos p\u00fablicos en el estado, al se\u00f1alar que sectores como el campo han sido relegados. <\/span><\/p>\n<p class=\"p1\" style=\"text-align: justify;\"><span class=\"s1\">Puso como ejemplo la falta de apoyo a productores, en contraste con otras \u00e1reas que, a su juicio, han recibido mayor presupuesto sin atender problemas estructurales de fondo.<\/span><\/p>\n<p class=\"p1\" style=\"text-align: justify;\"><span class=\"s1\">Moguel Robles defendi\u00f3 el papel hist\u00f3rico del PRI como constructor de instituciones, y asegur\u00f3 que el partido busca reorganizarse rumbo a 2027 con una estrategia basada en \u201ccausas sociales\u201d m\u00e1s que en intereses electorales. <\/span><\/p>\n<p class=\"p1\" style=\"text-align: justify;\"><span class=\"s1\">En ese sentido, destac\u00f3 la figura de los llamados \u201cdefensores de M\u00e9xico\u201d, un esquema que resalt\u00f3, abre la participaci\u00f3n tanto a militantes como a ciudadanos sin afiliaci\u00f3n partidista.<\/span><\/p>\n<p class=\"p1\" style=\"text-align: justify;\"><span class=\"s1\">Sobre el panorama pol\u00edtico, rechaz\u00f3 que Morena sea invencible y sostuvo que el descontento social podr\u00eda cambiar el rumbo electoral. <\/span><\/p>\n<p class=\"p1\" style=\"text-align: justify;\"><span class=\"s1\">Afirm\u00f3 que el PRI est\u00e1 abierto a construir alianzas, aunque tambi\u00e9n se prepara para competir solo si es necesario, con el objetivo de recuperar la confianza ciudadana.<\/span><\/p>\n<p class=\"p1\" style=\"text-align: justify;\"><span class=\"s1\">Finalmente, la delegada subray\u00f3 que su llegada a Tlaxcala no responde a una l\u00f3gica de imposici\u00f3n, sino de acompa\u00f1amiento organizativo, y asegur\u00f3 que recorrer\u00e1 el estado para fortalecer la estructura partidista desde lo local. <\/span><\/p>\n<p class=\"p1\" style=\"text-align: justify;\"><span class=\"s1\">\u201cNo vengo con mano dura, vengo sin anestesia\u201d, concluy\u00f3, reiterando su intenci\u00f3n de confrontar los problemas con un discurso directo y cr\u00edtico.<\/span><\/p>\n","protected":false},"excerpt":{"rendered":"<p>Demian M\u00e1rquez \/\/ Durante su participaci\u00f3n en el programa Sin Anestesia, de La Bestia Pol\u00edtica, Mariana Moguel Robles, delegada del Comit\u00e9 Ejecutivo Nacional del PRI en Tlaxcala, lanz\u00f3 uno de los se\u00f1alamientos m\u00e1s duros contra el partido en el poder, al exigir a Morena romper lo que calific\u00f3 como un \u201cpacto criminal\u201d con el crimen [&hellip;]<\/p>\n","protected":false},"author":3,"featured_media":71699,"comment_status":"open","ping_status":"open","sticky":false,"template":"","format":"standard","meta":{"footnotes":""},"categories":[3,264,247,250],"tags":[],"class_list":["post-71698","post","type-post","status-publish","format-standard","has-post-thumbnail","hentry","category-8-columnas","category-partidos-politicos","category-politica","category-pri"],"amp_enabled":true,"_links":{"self":[{"href":"https:\/\/labestiapolitica.com.mx\/index.php?rest_route=\/wp\/v2\/posts\/71698","targetHints":{"allow":["GET"]}}],"collection":[{"href":"https:\/\/labestiapolitica.com.mx\/index.php?rest_route=\/wp\/v2\/posts"}],"about":[{"href":"https:\/\/labestiapolitica.com.mx\/index.php?rest_route=\/wp\/v2\/types\/post"}],"author":[{"embeddable":true,"href":"https:\/\/labestiapolitica.com.mx\/index.php?rest_route=\/wp\/v2\/users\/3"}],"replies":[{"embeddable":true,"href":"https:\/\/labestiapolitica.com.mx\/index.php?rest_route=%2Fwp%2Fv2%2Fcomments&post=71698"}],"version-history":[{"count":1,"href":"https:\/\/labestiapolitica.com.mx\/index.php?rest_route=\/wp\/v2\/posts\/71698\/revisions"}],"predecessor-version":[{"id":71700,"href":"https:\/\/labestiapolitica.com.mx\/index.php?rest_route=\/wp\/v2\/posts\/71698\/revisions\/71700"}],"wp:featuredmedia":[{"embeddable":true,"href":"https:\/\/labestiapolitica.com.mx\/index.php?rest_route=\/wp\/v2\/media\/71699"}],"wp:attachment":[{"href":"https:\/\/labestiapolitica.com.mx\/index.php?rest_route=%2Fwp%2Fv2%2Fmedia&parent=71698"}],"wp:term":[{"taxonomy":"category","embeddable":true,"href":"https:\/\/labestiapolitica.com.mx\/index.php?rest_route=%2Fwp%2Fv2%2Fcategories&post=71698"},{"taxonomy":"post_tag","embeddable":true,"href":"https:\/\/labestiapolitica.com.mx\/index.php?rest_route=%2Fwp%2Fv2%2Ftags&post=71698"}],"curies":[{"name":"wp","href":"https:\/\/api.w.org\/{rel}","templated":true}]}}