{"id":71724,"date":"2026-05-01T11:10:04","date_gmt":"2026-05-01T17:10:04","guid":{"rendered":"https:\/\/labestiapolitica.com.mx\/?p=71724"},"modified":"2026-05-01T11:10:04","modified_gmt":"2026-05-01T17:10:04","slug":"apizaco-apuesta-por-la-convivencia-familiar-en-festejos-del-dia-del-nino-rivera-bonilla","status":"publish","type":"post","link":"https:\/\/labestiapolitica.com.mx\/?p=71724","title":{"rendered":"Apizaco apuesta por la convivencia familiar en festejos del D\u00eda del Ni\u00f1o: Rivera Bonilla."},"content":{"rendered":"<p style=\"text-align: justify;\"><em><strong>Demian M\u00e1rquez<\/strong><\/em> | En el marco de los festejos por el D\u00eda de la Ni\u00f1a y el Ni\u00f1o, el presidente municipal de Apizaco, Javier Rivera Bonilla, destac\u00f3 que las actividades organizadas buscan generar espacios de sana convivencia, donde las familias puedan interactuar y fortalecer lazos a trav\u00e9s del juego y la recreaci\u00f3n.<\/p>\n<p style=\"text-align: justify;\">En entrevista, el alcalde explic\u00f3 que se instalaron m\u00faltiples estaciones recreativas, entre ellas pinta caritas, inflables, tiro con arco y actividades deportivas como f\u00fatbol y basquetbol, con el objetivo de que las ni\u00f1as y ni\u00f1os recorran cada espacio y disfruten de una experiencia integral.<\/p>\n<p style=\"text-align: justify;\">Rivera Bonilla subray\u00f3 que m\u00e1s all\u00e1 de los juegos, el enfoque principal es fomentar valores como la amistad y la convivencia, por lo que incluso se integraron din\u00e1micas simb\u00f3licas para reforzar la interacci\u00f3n entre menores.<\/p>\n<p style=\"text-align: justify;\">Asimismo, reiter\u00f3 que su administraci\u00f3n busca impulsar un cambio en el municipio a partir de acciones cercanas a la ciudadan\u00eda.<\/p>\n<p style=\"text-align: justify;\">En otro tema, adelant\u00f3 que como parte de las celebraciones por el D\u00eda de las Madres se contempla la rifa de diversos art\u00edculos para el hogar, as\u00ed como un veh\u00edculo que ser\u00e1 entregado a una mujer de escasos recursos, con la intenci\u00f3n de apoyar la econom\u00eda familiar.<\/p>\n<p style=\"text-align: justify;\">Al ser cuestionado sobre su gesti\u00f3n, el edil afirm\u00f3 sentirse satisfecho con el trabajo realizado hasta ahora, aunque reconoci\u00f3 que existen \u00e1reas de mejora.<\/p>\n<p style=\"text-align: justify;\">Se\u00f1al\u00f3 que su administraci\u00f3n mantiene el compromiso de actuar con responsabilidad y cercan\u00eda con la poblaci\u00f3n.<\/p>\n<p style=\"text-align: justify;\">Finalmente, envi\u00f3 un mensaje a la ni\u00f1ez de Apizaco, a quienes invit\u00f3 a disfrutar de su d\u00eda y a valorar la convivencia familiar como un elemento fundamental para su desarrollo, destacando que la felicidad no depende de lo material, sino del entorno afectivo en el que crecen.<\/p>\n","protected":false},"excerpt":{"rendered":"<p>Demian M\u00e1rquez | En el marco de los festejos por el D\u00eda de la Ni\u00f1a y el Ni\u00f1o, el presidente municipal de Apizaco, Javier Rivera Bonilla, destac\u00f3 que las actividades organizadas buscan generar espacios de sana convivencia, donde las familias puedan interactuar y fortalecer lazos a trav\u00e9s del juego y la recreaci\u00f3n. En entrevista, el [&hellip;]<\/p>\n","protected":false},"author":5,"featured_media":71726,"comment_status":"open","ping_status":"open","sticky":false,"template":"","format":"standard","meta":{"footnotes":""},"categories":[3,226,216],"tags":[],"class_list":["post-71724","post","type-post","status-publish","format-standard","has-post-thumbnail","hentry","category-8-columnas","category-apizaco","category-municipios"],"amp_enabled":true,"_links":{"self":[{"href":"https:\/\/labestiapolitica.com.mx\/index.php?rest_route=\/wp\/v2\/posts\/71724","targetHints":{"allow":["GET"]}}],"collection":[{"href":"https:\/\/labestiapolitica.com.mx\/index.php?rest_route=\/wp\/v2\/posts"}],"about":[{"href":"https:\/\/labestiapolitica.com.mx\/index.php?rest_route=\/wp\/v2\/types\/post"}],"author":[{"embeddable":true,"href":"https:\/\/labestiapolitica.com.mx\/index.php?rest_route=\/wp\/v2\/users\/5"}],"replies":[{"embeddable":true,"href":"https:\/\/labestiapolitica.com.mx\/index.php?rest_route=%2Fwp%2Fv2%2Fcomments&post=71724"}],"version-history":[{"count":1,"href":"https:\/\/labestiapolitica.com.mx\/index.php?rest_route=\/wp\/v2\/posts\/71724\/revisions"}],"predecessor-version":[{"id":71727,"href":"https:\/\/labestiapolitica.com.mx\/index.php?rest_route=\/wp\/v2\/posts\/71724\/revisions\/71727"}],"wp:featuredmedia":[{"embeddable":true,"href":"https:\/\/labestiapolitica.com.mx\/index.php?rest_route=\/wp\/v2\/media\/71726"}],"wp:attachment":[{"href":"https:\/\/labestiapolitica.com.mx\/index.php?rest_route=%2Fwp%2Fv2%2Fmedia&parent=71724"}],"wp:term":[{"taxonomy":"category","embeddable":true,"href":"https:\/\/labestiapolitica.com.mx\/index.php?rest_route=%2Fwp%2Fv2%2Fcategories&post=71724"},{"taxonomy":"post_tag","embeddable":true,"href":"https:\/\/labestiapolitica.com.mx\/index.php?rest_route=%2Fwp%2Fv2%2Ftags&post=71724"}],"curies":[{"name":"wp","href":"https:\/\/api.w.org\/{rel}","templated":true}]}}