{"id":71734,"date":"2026-05-01T11:24:25","date_gmt":"2026-05-01T17:24:25","guid":{"rendered":"https:\/\/labestiapolitica.com.mx\/?p=71734"},"modified":"2026-05-01T11:24:25","modified_gmt":"2026-05-01T17:24:25","slug":"huamantla-promueve-la-adopcion-responsable-con-jornada-adopta-un-amigo","status":"publish","type":"post","link":"https:\/\/labestiapolitica.com.mx\/?p=71734","title":{"rendered":"Huamantla promueve la adopci\u00f3n responsable con jornada \u201cAdopta un amigo\u201d."},"content":{"rendered":"<p style=\"text-align: justify;\">En el marco de las actividades por el festejo del D\u00eda de la Ni\u00f1ez, el Gobierno Municipal de Huamantla a trav\u00e9s de la Cl\u00ednica Biof\u00edlica Canina y Felina de Huamantla, llevar\u00e1 a cabo la jornada \u201cAdopta un amigo\u201d, con el objetivo de fomentar la tenencia responsable de mascotas, brindar una segunda oportunidad a perros y gatos en situaci\u00f3n vulnerable y promover valores como el respeto, la empat\u00eda y el cuidado de los seres vivos desde la infancia.<\/p>\n<p style=\"text-align: justify;\">La actividad se realizar\u00e1 este 01 de mayo en el Lienzo Charro, en un horario de 8:30 a 15:00 horas, donde las y los asistentes podr\u00e1n conocer a los animales disponibles para adopci\u00f3n, as\u00ed como recibir orientaci\u00f3n sobre su cuidado y bienestar.<\/p>\n<p style=\"text-align: justify;\">Este tipo de iniciativas buscan no solo promover la adopci\u00f3n, sino tambi\u00e9n generar conciencia social sobre la importancia de brindar un hogar digno a los animales de compa\u00f1\u00eda, contribuyendo a reducir el abandono.<\/p>\n<p style=\"text-align: justify;\">Para participar en el proceso de adopci\u00f3n, las personas interesadas deber\u00e1n presentar copia de INE y comprobante de domicilio, como parte de los requisitos establecidos para garantizar una adopci\u00f3n responsable.<\/p>\n<p style=\"text-align: justify;\">Con estas acciones, Huamantla contin\u00faa impulsando estrategias enfocadas en el bienestar animal y la construcci\u00f3n de una cultura de respeto hacia todas las formas de vida.<\/p>\n","protected":false},"excerpt":{"rendered":"<p>En el marco de las actividades por el festejo del D\u00eda de la Ni\u00f1ez, el Gobierno Municipal de Huamantla a trav\u00e9s de la Cl\u00ednica Biof\u00edlica Canina y Felina de Huamantla, llevar\u00e1 a cabo la jornada \u201cAdopta un amigo\u201d, con el objetivo de fomentar la tenencia responsable de mascotas, brindar una segunda oportunidad a perros y [&hellip;]<\/p>\n","protected":false},"author":5,"featured_media":71738,"comment_status":"open","ping_status":"open","sticky":false,"template":"","format":"standard","meta":{"footnotes":""},"categories":[220,216],"tags":[],"class_list":["post-71734","post","type-post","status-publish","format-standard","has-post-thumbnail","hentry","category-huamantla","category-municipios"],"amp_enabled":true,"_links":{"self":[{"href":"https:\/\/labestiapolitica.com.mx\/index.php?rest_route=\/wp\/v2\/posts\/71734","targetHints":{"allow":["GET"]}}],"collection":[{"href":"https:\/\/labestiapolitica.com.mx\/index.php?rest_route=\/wp\/v2\/posts"}],"about":[{"href":"https:\/\/labestiapolitica.com.mx\/index.php?rest_route=\/wp\/v2\/types\/post"}],"author":[{"embeddable":true,"href":"https:\/\/labestiapolitica.com.mx\/index.php?rest_route=\/wp\/v2\/users\/5"}],"replies":[{"embeddable":true,"href":"https:\/\/labestiapolitica.com.mx\/index.php?rest_route=%2Fwp%2Fv2%2Fcomments&post=71734"}],"version-history":[{"count":1,"href":"https:\/\/labestiapolitica.com.mx\/index.php?rest_route=\/wp\/v2\/posts\/71734\/revisions"}],"predecessor-version":[{"id":71739,"href":"https:\/\/labestiapolitica.com.mx\/index.php?rest_route=\/wp\/v2\/posts\/71734\/revisions\/71739"}],"wp:featuredmedia":[{"embeddable":true,"href":"https:\/\/labestiapolitica.com.mx\/index.php?rest_route=\/wp\/v2\/media\/71738"}],"wp:attachment":[{"href":"https:\/\/labestiapolitica.com.mx\/index.php?rest_route=%2Fwp%2Fv2%2Fmedia&parent=71734"}],"wp:term":[{"taxonomy":"category","embeddable":true,"href":"https:\/\/labestiapolitica.com.mx\/index.php?rest_route=%2Fwp%2Fv2%2Fcategories&post=71734"},{"taxonomy":"post_tag","embeddable":true,"href":"https:\/\/labestiapolitica.com.mx\/index.php?rest_route=%2Fwp%2Fv2%2Ftags&post=71734"}],"curies":[{"name":"wp","href":"https:\/\/api.w.org\/{rel}","templated":true}]}}