{"id":71753,"date":"2026-05-01T11:59:12","date_gmt":"2026-05-01T17:59:12","guid":{"rendered":"https:\/\/labestiapolitica.com.mx\/?p=71753"},"modified":"2026-05-01T11:59:12","modified_gmt":"2026-05-01T17:59:12","slug":"mas-de-1500-ninas-y-ninos-celebran-el-dia-de-la-ninez-en-ixtenco","status":"publish","type":"post","link":"https:\/\/labestiapolitica.com.mx\/?p=71753","title":{"rendered":"M\u00e1s de 1,500 ni\u00f1as y ni\u00f1os celebran el D\u00eda de la Ni\u00f1ez en Ixtenco."},"content":{"rendered":"<p style=\"text-align: justify;\">Con una asistencia superior a los 1,500 ni\u00f1as y ni\u00f1os, el municipio de Ixtenco vivi\u00f3 una emotiva y multitudinaria celebraci\u00f3n con motivo del D\u00eda de la Ni\u00f1ez, en un evento que destac\u00f3 por su organizaci\u00f3n, alegr\u00eda y cercan\u00eda con las familias.<\/p>\n<p style=\"text-align: justify;\">La celebraci\u00f3n fue encabezada por la presidenta municipal, Aline Lazo Caballero, y organizada por el Sistema Municipal DIF Ixtenco, que preside Alicia Caballero Yonca, reafirmando el compromiso institucional con el bienestar, desarrollo y felicidad de la ni\u00f1ez del municipio.<\/p>\n<p style=\"text-align: justify;\">Las y los asistentes disfrutaron de un atractivo show circense, que llen\u00f3 de magia y entretenimiento el espacio, adem\u00e1s de la entrega de regalos y un ambig\u00fa para todas y todos los presentes, generando momentos de convivencia y sonrisas.<\/p>\n<p style=\"text-align: justify;\">Este tipo de acciones fortalecen el tejido social y consolidan una administraci\u00f3n cercana a las familias, que impulsa actividades que reconocen la importancia de la ni\u00f1ez como eje fundamental del presente y futuro de Ixtenco.<\/p>\n","protected":false},"excerpt":{"rendered":"<p>Con una asistencia superior a los 1,500 ni\u00f1as y ni\u00f1os, el municipio de Ixtenco vivi\u00f3 una emotiva y multitudinaria celebraci\u00f3n con motivo del D\u00eda de la Ni\u00f1ez, en un evento que destac\u00f3 por su organizaci\u00f3n, alegr\u00eda y cercan\u00eda con las familias. La celebraci\u00f3n fue encabezada por la presidenta municipal, Aline Lazo Caballero, y organizada por [&hellip;]<\/p>\n","protected":false},"author":5,"featured_media":71754,"comment_status":"open","ping_status":"open","sticky":false,"template":"","format":"standard","meta":{"footnotes":""},"categories":[257,216],"tags":[],"class_list":["post-71753","post","type-post","status-publish","format-standard","has-post-thumbnail","hentry","category-ixtenco","category-municipios"],"amp_enabled":true,"_links":{"self":[{"href":"https:\/\/labestiapolitica.com.mx\/index.php?rest_route=\/wp\/v2\/posts\/71753","targetHints":{"allow":["GET"]}}],"collection":[{"href":"https:\/\/labestiapolitica.com.mx\/index.php?rest_route=\/wp\/v2\/posts"}],"about":[{"href":"https:\/\/labestiapolitica.com.mx\/index.php?rest_route=\/wp\/v2\/types\/post"}],"author":[{"embeddable":true,"href":"https:\/\/labestiapolitica.com.mx\/index.php?rest_route=\/wp\/v2\/users\/5"}],"replies":[{"embeddable":true,"href":"https:\/\/labestiapolitica.com.mx\/index.php?rest_route=%2Fwp%2Fv2%2Fcomments&post=71753"}],"version-history":[{"count":1,"href":"https:\/\/labestiapolitica.com.mx\/index.php?rest_route=\/wp\/v2\/posts\/71753\/revisions"}],"predecessor-version":[{"id":71755,"href":"https:\/\/labestiapolitica.com.mx\/index.php?rest_route=\/wp\/v2\/posts\/71753\/revisions\/71755"}],"wp:featuredmedia":[{"embeddable":true,"href":"https:\/\/labestiapolitica.com.mx\/index.php?rest_route=\/wp\/v2\/media\/71754"}],"wp:attachment":[{"href":"https:\/\/labestiapolitica.com.mx\/index.php?rest_route=%2Fwp%2Fv2%2Fmedia&parent=71753"}],"wp:term":[{"taxonomy":"category","embeddable":true,"href":"https:\/\/labestiapolitica.com.mx\/index.php?rest_route=%2Fwp%2Fv2%2Fcategories&post=71753"},{"taxonomy":"post_tag","embeddable":true,"href":"https:\/\/labestiapolitica.com.mx\/index.php?rest_route=%2Fwp%2Fv2%2Ftags&post=71753"}],"curies":[{"name":"wp","href":"https:\/\/api.w.org\/{rel}","templated":true}]}}