{"id":71756,"date":"2026-05-01T12:12:30","date_gmt":"2026-05-01T18:12:30","guid":{"rendered":"https:\/\/labestiapolitica.com.mx\/?p=71756"},"modified":"2026-05-01T12:12:59","modified_gmt":"2026-05-01T18:12:59","slug":"trabajadores-toman-las-calles-en-tlaxcala-exigen-salarios-dignos-y-respeto-a-sus-derechos","status":"publish","type":"post","link":"https:\/\/labestiapolitica.com.mx\/?p=71756","title":{"rendered":"Trabajadores toman las calles en Tlaxcala, exigen salarios dignos y respeto a sus derechos."},"content":{"rendered":"<p style=\"text-align: justify;\"><em><strong>Demian M\u00e1rquez<\/strong><\/em> | Miles de trabajadores y docentes tomaron las calles de la capital tlaxcalteca en el marco del D\u00eda Internacional del Trabajo, en una jornada que combin\u00f3 la conmemoraci\u00f3n con la exigencia firme de mejores condiciones laborales.<\/p>\n<p style=\"text-align: justify;\">Desde primeras horas del d\u00eda, contingentes sindicales comenzaron a concentrarse para avanzar de manera organizada por las principales vialidades.<\/p>\n<p style=\"text-align: justify;\">Entre los gremios participantes destacaron el magisterio agremiado al Sindicato Nacional de Trabajadores de la Educaci\u00f3n, as\u00ed como organizaciones como la Confederaci\u00f3n Regional Obrera Mexicana, la Confederaci\u00f3n Revolucionaria de Obreros y Campesinos y el Sindicato de Telefonistas de la Rep\u00fablica Mexicana, quienes marcharon con mantas y consignas dirigidas a autoridades de los distintos niveles de gobierno.<\/p>\n<p style=\"text-align: justify;\"><img loading=\"lazy\" decoding=\"async\" class=\"size-medium wp-image-71757 alignleft\" src=\"https:\/\/labestiapolitica.com.mx\/wp-content\/uploads\/2026\/05\/WhatsApp-Image-2026-05-01-at-12.07.25-PM-4-300x200.jpeg\" alt=\"\" width=\"300\" height=\"200\" srcset=\"https:\/\/labestiapolitica.com.mx\/wp-content\/uploads\/2026\/05\/WhatsApp-Image-2026-05-01-at-12.07.25-PM-4-300x200.jpeg 300w, https:\/\/labestiapolitica.com.mx\/wp-content\/uploads\/2026\/05\/WhatsApp-Image-2026-05-01-at-12.07.25-PM-4-1024x682.jpeg 1024w, https:\/\/labestiapolitica.com.mx\/wp-content\/uploads\/2026\/05\/WhatsApp-Image-2026-05-01-at-12.07.25-PM-4-768x511.jpeg 768w, https:\/\/labestiapolitica.com.mx\/wp-content\/uploads\/2026\/05\/WhatsApp-Image-2026-05-01-at-12.07.25-PM-4.jpeg 1280w\" sizes=\"auto, (max-width: 300px) 100vw, 300px\" \/>Durante el recorrido, las principales demandas giraron en torno a salarios justos, estabilidad en el empleo y respeto pleno a los derechos laborales.<\/p>\n<p style=\"text-align: justify;\">En el caso del sector educativo, docentes reiteraron la necesidad de atender rezagos hist\u00f3ricos, mejorar prestaciones y garantizar condiciones dignas para el desarrollo de su labor.<\/p>\n<p style=\"text-align: justify;\">El contingente de telefonistas, por su parte, visibiliz\u00f3 su proceso de revisi\u00f3n contractual y reforz\u00f3 su postura a favor de la reducci\u00f3n de la jornada laboral a 40 horas semanales, adem\u00e1s de solicitar ajustes en la carga fiscal y protecci\u00f3n de fondos destinados a la vivienda.<\/p>\n<p style=\"text-align: justify;\">En tanto, integrantes de centrales obreras insistieron en frenar pr\u00e1cticas que vulneran los derechos de los trabajadores, como esquemas de subcontrataci\u00f3n y deficiencias en la representaci\u00f3n sindical.<\/p>\n<p style=\"text-align: justify;\">La movilizaci\u00f3n evidenci\u00f3 la inconformidad de distintos sectores que persiste en Tlaxcala donde se realiz\u00f3 este acto de manifestaci\u00f3n en exigencia de condiciones dignas.<\/p>\n","protected":false},"excerpt":{"rendered":"<p>Demian M\u00e1rquez | Miles de trabajadores y docentes tomaron las calles de la capital tlaxcalteca en el marco del D\u00eda Internacional del Trabajo, en una jornada que combin\u00f3 la conmemoraci\u00f3n con la exigencia firme de mejores condiciones laborales. Desde primeras horas del d\u00eda, contingentes sindicales comenzaron a concentrarse para avanzar de manera organizada por las [&hellip;]<\/p>\n","protected":false},"author":5,"featured_media":71758,"comment_status":"open","ping_status":"open","sticky":false,"template":"","format":"standard","meta":{"footnotes":""},"categories":[3,12],"tags":[],"class_list":["post-71756","post","type-post","status-publish","format-standard","has-post-thumbnail","hentry","category-8-columnas","category-brujula-2026"],"amp_enabled":true,"_links":{"self":[{"href":"https:\/\/labestiapolitica.com.mx\/index.php?rest_route=\/wp\/v2\/posts\/71756","targetHints":{"allow":["GET"]}}],"collection":[{"href":"https:\/\/labestiapolitica.com.mx\/index.php?rest_route=\/wp\/v2\/posts"}],"about":[{"href":"https:\/\/labestiapolitica.com.mx\/index.php?rest_route=\/wp\/v2\/types\/post"}],"author":[{"embeddable":true,"href":"https:\/\/labestiapolitica.com.mx\/index.php?rest_route=\/wp\/v2\/users\/5"}],"replies":[{"embeddable":true,"href":"https:\/\/labestiapolitica.com.mx\/index.php?rest_route=%2Fwp%2Fv2%2Fcomments&post=71756"}],"version-history":[{"count":1,"href":"https:\/\/labestiapolitica.com.mx\/index.php?rest_route=\/wp\/v2\/posts\/71756\/revisions"}],"predecessor-version":[{"id":71759,"href":"https:\/\/labestiapolitica.com.mx\/index.php?rest_route=\/wp\/v2\/posts\/71756\/revisions\/71759"}],"wp:featuredmedia":[{"embeddable":true,"href":"https:\/\/labestiapolitica.com.mx\/index.php?rest_route=\/wp\/v2\/media\/71758"}],"wp:attachment":[{"href":"https:\/\/labestiapolitica.com.mx\/index.php?rest_route=%2Fwp%2Fv2%2Fmedia&parent=71756"}],"wp:term":[{"taxonomy":"category","embeddable":true,"href":"https:\/\/labestiapolitica.com.mx\/index.php?rest_route=%2Fwp%2Fv2%2Fcategories&post=71756"},{"taxonomy":"post_tag","embeddable":true,"href":"https:\/\/labestiapolitica.com.mx\/index.php?rest_route=%2Fwp%2Fv2%2Ftags&post=71756"}],"curies":[{"name":"wp","href":"https:\/\/api.w.org\/{rel}","templated":true}]}}