{"id":71760,"date":"2026-05-01T12:15:22","date_gmt":"2026-05-01T18:15:22","guid":{"rendered":"https:\/\/labestiapolitica.com.mx\/?p=71760"},"modified":"2026-05-01T12:15:35","modified_gmt":"2026-05-01T18:15:35","slug":"protesta-del-magisterio-irrumpe-en-desfile-del-dia-del-trabajo-exigen-salida-de-cutberto-chavez","status":"publish","type":"post","link":"https:\/\/labestiapolitica.com.mx\/?p=71760","title":{"rendered":"Protesta del magisterio irrumpe en desfile del D\u00eda del Trabajo; exigen salida de Cutberto Ch\u00e1vez."},"content":{"rendered":"<ul>\n<li style=\"text-align: justify;\">Adem\u00e1s de exigir cumplimiento de acuerdos hechos por el secretario de educaci\u00f3n Homero Meneses<\/li>\n<\/ul>\n<p style=\"text-align: justify;\"><strong><em>Demian M\u00e1rquez | <\/em><\/strong>Durante la conmemoraci\u00f3n del D\u00eda Internacional del Trabajo, agremiados de la Secci\u00f3n 31 del SNTE manifestaron p\u00fablicamente su inconformidad contra Cutberto Ch\u00e1vez de la Rosa, a quien responsabilizan de una deficiente representaci\u00f3n sindical.<\/p>\n<p style=\"text-align: justify;\">Con pancartas y consignas, los docentes hicieron visible su rechazo en pleno desfile, frente a autoridades y ciudadan\u00eda.<\/p>\n<p style=\"text-align: justify;\">Los manifestantes exigieron la salida del dirigente, al se\u00f1alar que la base trabajadora no se siente respaldada en la defensa de sus derechos laborales.<\/p>\n<p style=\"text-align: justify;\">Las consignas, directas y reiteradas, evidenciaron el descontento acumulado entre el magisterio, que reclama cambios urgentes en la dirigencia.<\/p>\n<p style=\"text-align: justify;\">El momento de mayor tensi\u00f3n se registr\u00f3 cuando personal vinculado al sindicato intervino para retirar a los inconformes del punto donde se encontraba el l\u00edder sindical.<\/p>\n<p style=\"text-align: justify;\">De acuerdo con los propios docentes, esta acci\u00f3n fue interpretada como un intento de frenar la protesta, aunque no logr\u00f3 contener las expresiones de rechazo.<\/p>\n<p style=\"text-align: justify;\">Pese a la intervenci\u00f3n, los maestros mantuvieron sus reclamos durante el recorrido, marcando la jornada con un mensaje claro, que la base magisterial exige ser escuchada y demanda una renovaci\u00f3n en su representaci\u00f3n sindical.<\/p>\n<p style=\"text-align: justify;\">En la misma protesta, tambi\u00e9n surgieron se\u00f1alamientos dirigidos al secretario de Educaci\u00f3n, Homero Meneses Hern\u00e1ndez, a quien docentes exigieron el cumplimiento total de la minuta firmada por CEDEX (Centros de Educaci\u00f3n Extraescolar)<\/p>\n<p style=\"text-align: justify;\">Entre las pancartas, tambi\u00e9n destac\u00f3 una cartulina an\u00f3nima que reclamaba mejoras salariales para el magisterio, al se\u00f1alar que existen casos en los que personal de intendencia percibe ingresos superiores a los de un maestro, lo que evidenci\u00f3 el malestar por las condiciones econ\u00f3micas dentro del sector educativo.<\/p>\n","protected":false},"excerpt":{"rendered":"<p>Adem\u00e1s de exigir cumplimiento de acuerdos hechos por el secretario de educaci\u00f3n Homero Meneses Demian M\u00e1rquez | Durante la conmemoraci\u00f3n del D\u00eda Internacional del Trabajo, agremiados de la Secci\u00f3n 31 del SNTE manifestaron p\u00fablicamente su inconformidad contra Cutberto Ch\u00e1vez de la Rosa, a quien responsabilizan de una deficiente representaci\u00f3n sindical. Con pancartas y consignas, los [&hellip;]<\/p>\n","protected":false},"author":5,"featured_media":71761,"comment_status":"open","ping_status":"open","sticky":false,"template":"","format":"standard","meta":{"footnotes":""},"categories":[3,12],"tags":[],"class_list":["post-71760","post","type-post","status-publish","format-standard","has-post-thumbnail","hentry","category-8-columnas","category-brujula-2026"],"amp_enabled":true,"_links":{"self":[{"href":"https:\/\/labestiapolitica.com.mx\/index.php?rest_route=\/wp\/v2\/posts\/71760","targetHints":{"allow":["GET"]}}],"collection":[{"href":"https:\/\/labestiapolitica.com.mx\/index.php?rest_route=\/wp\/v2\/posts"}],"about":[{"href":"https:\/\/labestiapolitica.com.mx\/index.php?rest_route=\/wp\/v2\/types\/post"}],"author":[{"embeddable":true,"href":"https:\/\/labestiapolitica.com.mx\/index.php?rest_route=\/wp\/v2\/users\/5"}],"replies":[{"embeddable":true,"href":"https:\/\/labestiapolitica.com.mx\/index.php?rest_route=%2Fwp%2Fv2%2Fcomments&post=71760"}],"version-history":[{"count":1,"href":"https:\/\/labestiapolitica.com.mx\/index.php?rest_route=\/wp\/v2\/posts\/71760\/revisions"}],"predecessor-version":[{"id":71762,"href":"https:\/\/labestiapolitica.com.mx\/index.php?rest_route=\/wp\/v2\/posts\/71760\/revisions\/71762"}],"wp:featuredmedia":[{"embeddable":true,"href":"https:\/\/labestiapolitica.com.mx\/index.php?rest_route=\/wp\/v2\/media\/71761"}],"wp:attachment":[{"href":"https:\/\/labestiapolitica.com.mx\/index.php?rest_route=%2Fwp%2Fv2%2Fmedia&parent=71760"}],"wp:term":[{"taxonomy":"category","embeddable":true,"href":"https:\/\/labestiapolitica.com.mx\/index.php?rest_route=%2Fwp%2Fv2%2Fcategories&post=71760"},{"taxonomy":"post_tag","embeddable":true,"href":"https:\/\/labestiapolitica.com.mx\/index.php?rest_route=%2Fwp%2Fv2%2Ftags&post=71760"}],"curies":[{"name":"wp","href":"https:\/\/api.w.org\/{rel}","templated":true}]}}