{"id":71763,"date":"2026-05-01T12:17:58","date_gmt":"2026-05-01T18:17:58","guid":{"rendered":"https:\/\/labestiapolitica.com.mx\/?p=71763"},"modified":"2026-05-01T12:17:58","modified_gmt":"2026-05-01T18:17:58","slug":"llama-cutberto-chavez-a-la-unidad-en-el-snte-31-ante-retraso-en-convocatoria-para-relevo-sindical","status":"publish","type":"post","link":"https:\/\/labestiapolitica.com.mx\/?p=71763","title":{"rendered":"Llama Cutberto Ch\u00e1vez a la unidad en el SNTE 31 ante retraso en convocatoria para relevo sindical."},"content":{"rendered":"<p style=\"text-align: justify;\"><strong><em>Demian M\u00e1rquez<\/em><\/strong> | El secretario general de la Secci\u00f3n 31 del Sindicato Nacional de Trabajadores de la Educaci\u00f3n, Cutberto Ch\u00e1vez de la Rosa, pidi\u00f3 prudencia a los aspirantes a dirigir el gremio, en medio de la inconformidad generada por la falta de convocatoria para renovar la dirigencia.<\/p>\n<p style=\"text-align: justify;\">El dirigente aclar\u00f3 que la demora no depende de la estructura local, sino de la instancia nacional del sindicato, la cual coment\u00f3, ha presentado hist\u00f3ricamente retrasos en este tipo de procesos.<\/p>\n<p style=\"text-align: justify;\">En ese sentido, subray\u00f3 que la publicaci\u00f3n de la convocatoria es una atribuci\u00f3n del Comit\u00e9 Ejecutivo Nacional.<\/p>\n<p style=\"text-align: justify;\">Frente al ambiente de tensi\u00f3n entre algunos agremiados, Ch\u00e1vez de la Rosa llam\u00f3 a evitar divisiones internas y a mantener la cohesi\u00f3n del magisterio.<\/p>\n<p style=\"text-align: justify;\">Sostuvo que las diferencias deben encauzarse sin confrontaciones, al considerar que el gremio enfrenta retos externos que requieren una postura unificada.<\/p>\n<p style=\"text-align: justify;\">Finalmente, asegur\u00f3 que, una vez emitida la convocatoria, esta ser\u00e1 difundida por los canales oficiales del sindicato, con el fin de garantizar que todos los interesados cuenten con la informaci\u00f3n necesaria para participar en el proceso de renovaci\u00f3n.<\/p>\n","protected":false},"excerpt":{"rendered":"<p>Demian M\u00e1rquez | El secretario general de la Secci\u00f3n 31 del Sindicato Nacional de Trabajadores de la Educaci\u00f3n, Cutberto Ch\u00e1vez de la Rosa, pidi\u00f3 prudencia a los aspirantes a dirigir el gremio, en medio de la inconformidad generada por la falta de convocatoria para renovar la dirigencia. El dirigente aclar\u00f3 que la demora no depende [&hellip;]<\/p>\n","protected":false},"author":5,"featured_media":71764,"comment_status":"open","ping_status":"open","sticky":false,"template":"","format":"standard","meta":{"footnotes":""},"categories":[3,12,7],"tags":[],"class_list":["post-71763","post","type-post","status-publish","format-standard","has-post-thumbnail","hentry","category-8-columnas","category-brujula-2026","category-ciudadanos"],"amp_enabled":true,"_links":{"self":[{"href":"https:\/\/labestiapolitica.com.mx\/index.php?rest_route=\/wp\/v2\/posts\/71763","targetHints":{"allow":["GET"]}}],"collection":[{"href":"https:\/\/labestiapolitica.com.mx\/index.php?rest_route=\/wp\/v2\/posts"}],"about":[{"href":"https:\/\/labestiapolitica.com.mx\/index.php?rest_route=\/wp\/v2\/types\/post"}],"author":[{"embeddable":true,"href":"https:\/\/labestiapolitica.com.mx\/index.php?rest_route=\/wp\/v2\/users\/5"}],"replies":[{"embeddable":true,"href":"https:\/\/labestiapolitica.com.mx\/index.php?rest_route=%2Fwp%2Fv2%2Fcomments&post=71763"}],"version-history":[{"count":1,"href":"https:\/\/labestiapolitica.com.mx\/index.php?rest_route=\/wp\/v2\/posts\/71763\/revisions"}],"predecessor-version":[{"id":71765,"href":"https:\/\/labestiapolitica.com.mx\/index.php?rest_route=\/wp\/v2\/posts\/71763\/revisions\/71765"}],"wp:featuredmedia":[{"embeddable":true,"href":"https:\/\/labestiapolitica.com.mx\/index.php?rest_route=\/wp\/v2\/media\/71764"}],"wp:attachment":[{"href":"https:\/\/labestiapolitica.com.mx\/index.php?rest_route=%2Fwp%2Fv2%2Fmedia&parent=71763"}],"wp:term":[{"taxonomy":"category","embeddable":true,"href":"https:\/\/labestiapolitica.com.mx\/index.php?rest_route=%2Fwp%2Fv2%2Fcategories&post=71763"},{"taxonomy":"post_tag","embeddable":true,"href":"https:\/\/labestiapolitica.com.mx\/index.php?rest_route=%2Fwp%2Fv2%2Ftags&post=71763"}],"curies":[{"name":"wp","href":"https:\/\/api.w.org\/{rel}","templated":true}]}}