{"id":71766,"date":"2026-05-01T12:44:13","date_gmt":"2026-05-01T18:44:13","guid":{"rendered":"https:\/\/labestiapolitica.com.mx\/?p=71766"},"modified":"2026-05-01T12:44:13","modified_gmt":"2026-05-01T18:44:13","slug":"impulsa-alfonso-sanchez-garcia-la-conciencia-ambiental-y-cultural-a-traves-del-septimo-arte-con-la-proyeccion-de-la-reserva","status":"publish","type":"post","link":"https:\/\/labestiapolitica.com.mx\/?p=71766","title":{"rendered":"Impulsa Alfonso S\u00e1nchez Garc\u00eda la conciencia ambiental y cultural a trav\u00e9s del s\u00e9ptimo arte con la proyecci\u00f3n de \u201cLa Reserva\u201d."},"content":{"rendered":"<ul>\n<li style=\"text-align: justify;\">Esta actividad tendr\u00e1 lugar en el Teatro Universitario de la UATx el pr\u00f3ximo martes 12 de mayo, de las 12:30 a las 15:00 horas<\/li>\n<\/ul>\n<p style=\"text-align: justify;\">El Gobierno Municipal de Tlaxcala, encabezado por Alfonso S\u00e1nchez Garc\u00eda, promueve espacios de reflexi\u00f3n y an\u00e1lisis sobre problem\u00e1ticas sociales, por lo que, a trav\u00e9s de la Direcci\u00f3n de Cultura, coordina la proyecci\u00f3n del documental \u201cLa Reserva\u201d, una pieza cinematogr\u00e1fica que aborda la defensa del territorio en la Selva Chiapaneca.<\/p>\n<p style=\"text-align: justify;\">Esta iniciativa tiene por objetivo ofrecer opciones de sano esparcimiento, as\u00ed como fomentar un di\u00e1logo constructivo entre los asistentes, por lo que, posterior a la proyecci\u00f3n, se llevar\u00e1 a cabo un conversatorio que encabezar\u00e1 Pablo P\u00e9rez Lombardini, director de esta producci\u00f3n, y la actriz Carolina Guzm\u00e1n.<\/p>\n<p style=\"text-align: justify;\">Con estas acciones, el gobierno de Alfonso S\u00e1nchez Garc\u00eda fortalece el v\u00ednculo entre las instituciones y la comunidad, al permitir que temas de relevancia nacional tengan un eco profundo en la capital tlaxcalteca. Esta actividad, realizada en colaboraci\u00f3n con el Teatro Universitario de la UATx, se efectuar\u00e1 el pr\u00f3ximo 12 de mayo, de las 12:30 a las 15:00 horas.<\/p>\n<p style=\"text-align: justify;\">Cabe destacar que \u201cLa Reserva\u201d es un documental dirigido por Pablo P\u00e9rez Lombardini, cuya producci\u00f3n ha sido aclamada por retratar con gran veracidad la peligrosa realidad que enfrentan los defensores del medio ambiente en M\u00e9xico.<\/p>\n","protected":false},"excerpt":{"rendered":"<p>Esta actividad tendr\u00e1 lugar en el Teatro Universitario de la UATx el pr\u00f3ximo martes 12 de mayo, de las 12:30 a las 15:00 horas El Gobierno Municipal de Tlaxcala, encabezado por Alfonso S\u00e1nchez Garc\u00eda, promueve espacios de reflexi\u00f3n y an\u00e1lisis sobre problem\u00e1ticas sociales, por lo que, a trav\u00e9s de la Direcci\u00f3n de Cultura, coordina la [&hellip;]<\/p>\n","protected":false},"author":5,"featured_media":71767,"comment_status":"open","ping_status":"open","sticky":false,"template":"","format":"standard","meta":{"footnotes":""},"categories":[216,214],"tags":[],"class_list":["post-71766","post","type-post","status-publish","format-standard","has-post-thumbnail","hentry","category-municipios","category-tlaxcala-capital"],"amp_enabled":true,"_links":{"self":[{"href":"https:\/\/labestiapolitica.com.mx\/index.php?rest_route=\/wp\/v2\/posts\/71766","targetHints":{"allow":["GET"]}}],"collection":[{"href":"https:\/\/labestiapolitica.com.mx\/index.php?rest_route=\/wp\/v2\/posts"}],"about":[{"href":"https:\/\/labestiapolitica.com.mx\/index.php?rest_route=\/wp\/v2\/types\/post"}],"author":[{"embeddable":true,"href":"https:\/\/labestiapolitica.com.mx\/index.php?rest_route=\/wp\/v2\/users\/5"}],"replies":[{"embeddable":true,"href":"https:\/\/labestiapolitica.com.mx\/index.php?rest_route=%2Fwp%2Fv2%2Fcomments&post=71766"}],"version-history":[{"count":1,"href":"https:\/\/labestiapolitica.com.mx\/index.php?rest_route=\/wp\/v2\/posts\/71766\/revisions"}],"predecessor-version":[{"id":71768,"href":"https:\/\/labestiapolitica.com.mx\/index.php?rest_route=\/wp\/v2\/posts\/71766\/revisions\/71768"}],"wp:featuredmedia":[{"embeddable":true,"href":"https:\/\/labestiapolitica.com.mx\/index.php?rest_route=\/wp\/v2\/media\/71767"}],"wp:attachment":[{"href":"https:\/\/labestiapolitica.com.mx\/index.php?rest_route=%2Fwp%2Fv2%2Fmedia&parent=71766"}],"wp:term":[{"taxonomy":"category","embeddable":true,"href":"https:\/\/labestiapolitica.com.mx\/index.php?rest_route=%2Fwp%2Fv2%2Fcategories&post=71766"},{"taxonomy":"post_tag","embeddable":true,"href":"https:\/\/labestiapolitica.com.mx\/index.php?rest_route=%2Fwp%2Fv2%2Ftags&post=71766"}],"curies":[{"name":"wp","href":"https:\/\/api.w.org\/{rel}","templated":true}]}}