{"id":71770,"date":"2026-05-01T15:50:03","date_gmt":"2026-05-01T21:50:03","guid":{"rendered":"https:\/\/labestiapolitica.com.mx\/?p=71770"},"modified":"2026-05-01T15:50:03","modified_gmt":"2026-05-01T21:50:03","slug":"%f0%9f%8e%88-magia-titeres-y-muchas-risas-santa-ana-nopalucan-celebra-en-grande-a-su-ninez-%f0%9f%91%a7%f0%9f%a7%92%e2%9c%a8","status":"publish","type":"post","link":"https:\/\/labestiapolitica.com.mx\/?p=71770","title":{"rendered":"\ud83c\udf88 \u00a1Magia, t\u00edteres y muchas risas!: Santa Ana Nopalucan celebra en grande a su ni\u00f1ez \ud83d\udc67\ud83e\uddd2\u2728"},"content":{"rendered":"<p style=\"text-align: justify;\" data-path-to-node=\"3\"><b data-path-to-node=\"3\" data-index-in-node=\"0\">\u00a1La alegr\u00eda se apoder\u00f3 de cada rinc\u00f3n del municipio!<\/b> El Gobierno Municipal de Santa Ana Nopalucan, encabezado por el <b data-path-to-node=\"3\" data-index-in-node=\"117\">Ing. Pedro P\u00e9rez V\u00e1squez<\/b> y su esposa, la <b data-path-to-node=\"3\" data-index-in-node=\"158\">Ing. Azucena Ortega Gonz\u00e1lez<\/b>, llev\u00f3 a cabo un festejo inolvidable dedicado a las reinas y reyes del hogar.<\/p>\n<p style=\"text-align: justify;\" data-path-to-node=\"4\">Fue una jornada donde las sonrisas fueron el motor principal. Los peque\u00f1os vivieron momentos m\u00e1gicos gracias a las ocurrencias y bromas del payaso <b data-path-to-node=\"4\" data-index-in-node=\"147\">Sponch Biker<\/b>, quien puso a todos a re\u00edr a carcajadas. Adem\u00e1s, la imaginaci\u00f3n vol\u00f3 por todo lo alto con la presentaci\u00f3n de la compa\u00f1\u00eda de t\u00edteres <b data-path-to-node=\"4\" data-index-in-node=\"292\">Titirisol<\/b>, cautivando los corazones de chicos y grandes.<\/p>\n<p style=\"text-align: justify;\" data-path-to-node=\"5\"><b data-path-to-node=\"5\" data-index-in-node=\"0\">Lo m\u00e1s destacado de la celebraci\u00f3n:<\/b><\/p>\n<ul style=\"text-align: justify;\" data-path-to-node=\"6\">\n<li>\n<p data-path-to-node=\"6,0,0\"><b data-path-to-node=\"6,0,0\" data-index-in-node=\"0\">Uni\u00f3n Familiar:<\/b> Cientos de familias se reunieron para fortalecer los lazos de nuestra comunidad.<\/p>\n<\/li>\n<li>\n<p data-path-to-node=\"6,1,0\"><b data-path-to-node=\"6,1,0\" data-index-in-node=\"0\">Talento y Diversi\u00f3n:<\/b> Espect\u00e1culos de primer nivel que fomentaron la creatividad infantil.<\/p>\n<\/li>\n<li>\n<p data-path-to-node=\"6,1,0\"><b data-path-to-node=\"6,2,0\" data-index-in-node=\"0\">Compromiso Social:<\/b> El Ing. Pedro P\u00e9rez y la Ing. Azucena Ortega reafirmaron su apoyo total al desarrollo sano de la infancia.<\/p>\n<\/li>\n<\/ul>\n<p style=\"text-align: justify;\" data-path-to-node=\"7\">El Gobierno Municipal agradece a cada ni\u00f1a, ni\u00f1o y padre de familia por hacer de este evento un \u00e9xito rotundo. \u00a1Seguimos trabajando para construir un futuro lleno de bienestar y alegr\u00eda para Nopalucan!<\/p>\n","protected":false},"excerpt":{"rendered":"<p>\u00a1La alegr\u00eda se apoder\u00f3 de cada rinc\u00f3n del municipio! El Gobierno Municipal de Santa Ana Nopalucan, encabezado por el Ing. Pedro P\u00e9rez V\u00e1squez y su esposa, la Ing. Azucena Ortega Gonz\u00e1lez, llev\u00f3 a cabo un festejo inolvidable dedicado a las reinas y reyes del hogar. Fue una jornada donde las sonrisas fueron el motor principal. [&hellip;]<\/p>\n","protected":false},"author":3,"featured_media":71771,"comment_status":"open","ping_status":"open","sticky":false,"template":"","format":"standard","meta":{"footnotes":""},"categories":[305],"tags":[],"class_list":["post-71770","post","type-post","status-publish","format-standard","has-post-thumbnail","hentry","category-santa-ana-nopalucan"],"amp_enabled":true,"_links":{"self":[{"href":"https:\/\/labestiapolitica.com.mx\/index.php?rest_route=\/wp\/v2\/posts\/71770","targetHints":{"allow":["GET"]}}],"collection":[{"href":"https:\/\/labestiapolitica.com.mx\/index.php?rest_route=\/wp\/v2\/posts"}],"about":[{"href":"https:\/\/labestiapolitica.com.mx\/index.php?rest_route=\/wp\/v2\/types\/post"}],"author":[{"embeddable":true,"href":"https:\/\/labestiapolitica.com.mx\/index.php?rest_route=\/wp\/v2\/users\/3"}],"replies":[{"embeddable":true,"href":"https:\/\/labestiapolitica.com.mx\/index.php?rest_route=%2Fwp%2Fv2%2Fcomments&post=71770"}],"version-history":[{"count":1,"href":"https:\/\/labestiapolitica.com.mx\/index.php?rest_route=\/wp\/v2\/posts\/71770\/revisions"}],"predecessor-version":[{"id":71772,"href":"https:\/\/labestiapolitica.com.mx\/index.php?rest_route=\/wp\/v2\/posts\/71770\/revisions\/71772"}],"wp:featuredmedia":[{"embeddable":true,"href":"https:\/\/labestiapolitica.com.mx\/index.php?rest_route=\/wp\/v2\/media\/71771"}],"wp:attachment":[{"href":"https:\/\/labestiapolitica.com.mx\/index.php?rest_route=%2Fwp%2Fv2%2Fmedia&parent=71770"}],"wp:term":[{"taxonomy":"category","embeddable":true,"href":"https:\/\/labestiapolitica.com.mx\/index.php?rest_route=%2Fwp%2Fv2%2Fcategories&post=71770"},{"taxonomy":"post_tag","embeddable":true,"href":"https:\/\/labestiapolitica.com.mx\/index.php?rest_route=%2Fwp%2Fv2%2Ftags&post=71770"}],"curies":[{"name":"wp","href":"https:\/\/api.w.org\/{rel}","templated":true}]}}