{"id":71773,"date":"2026-05-01T15:56:14","date_gmt":"2026-05-01T21:56:14","guid":{"rendered":"https:\/\/labestiapolitica.com.mx\/?p=71773"},"modified":"2026-05-01T15:56:14","modified_gmt":"2026-05-01T21:56:14","slug":"%f0%9f%9b%a1%ef%b8%8f-seguridad-y-prevencion-en-la-iglesia-del-nino-del-cerrito-supervision-integral-para-los-asistentes-%f0%9f%8f%9b%ef%b8%8f%e2%9c%a8","status":"publish","type":"post","link":"https:\/\/labestiapolitica.com.mx\/?p=71773","title":{"rendered":"\ud83d\udee1\ufe0f Seguridad y prevenci\u00f3n en la Iglesia del Ni\u00f1o del Cerrito: Supervisi\u00f3n integral para los asistentes \ud83c\udfdb\ufe0f\u2728"},"content":{"rendered":"<p style=\"text-align: justify;\" data-path-to-node=\"3\"><b data-path-to-node=\"3\" data-index-in-node=\"0\">\u00a1La tranquilidad de los ciudadanos es la prioridad!<\/b> El Gobierno Municipal de Santa Ana Nopalucan llev\u00f3 a cabo un importante recorrido de supervisi\u00f3n en las instalaciones de la <b data-path-to-node=\"3\" data-index-in-node=\"176\">Iglesia del Ni\u00f1o del Cerrito<\/b>, un punto de gran relevancia y afluencia en nuestro municipio.<\/p>\n<p style=\"text-align: justify;\" data-path-to-node=\"4\">Bajo una estrategia de cuidado total, diversas dependencias unieron esfuerzos para inspeccionar el lugar y asegurar que existan las condiciones \u00f3ptimas para recibir a los fieles y visitantes. \ud83d\udd0d\u2705 El objetivo principal de esta jornada fue reforzar las medidas de seguridad y establecer protocolos que garanticen el bienestar de todas las familias.<\/p>\n<p style=\"text-align: justify;\" data-path-to-node=\"5\"><b data-path-to-node=\"5\" data-index-in-node=\"0\">Un trabajo en equipo por la comunidad:<\/b><\/p>\n<ul style=\"text-align: justify;\" data-path-to-node=\"6\">\n<li>\n<p data-path-to-node=\"6,0,0\"><b data-path-to-node=\"6,0,0\" data-index-in-node=\"0\">Protecci\u00f3n Civil:<\/b> Verific\u00f3 las rutas de acceso y las condiciones del espacio para prevenir cualquier incidente. \ud83d\udc77\u200d\u2642\ufe0f\ud83d\udea7<\/p>\n<\/li>\n<li>\n<p data-path-to-node=\"6,1,0\"><b data-path-to-node=\"6,1,0\" data-index-in-node=\"0\">Polic\u00eda Municipal:<\/b> Reforz\u00f3 la vigilancia perimetral para mantener el orden y la paz social. \ud83d\ude94\ud83d\udee1\ufe0f<\/p>\n<\/li>\n<li>\n<p data-path-to-node=\"6,2,0\"><b data-path-to-node=\"6,2,0\" data-index-in-node=\"0\">Programa M\u00e9dico en Casa:<\/b> Estuvo presente para asegurar que la atenci\u00f3n de salud sea inmediata y oportuna ante cualquier emergencia. \ud83e\ude7a\ud83d\ude91<\/p>\n<\/li>\n<\/ul>\n<p style=\"text-align: justify;\" data-path-to-node=\"7\">Con estas acciones, el Gobierno de Nopalucan reafirma su compromiso con la salud, la seguridad y la tranquilidad de los habitantes, trabajando de manera preventiva para que cada actividad se desarrolle en un entorno seguro.<\/p>\n","protected":false},"excerpt":{"rendered":"<p>\u00a1La tranquilidad de los ciudadanos es la prioridad! El Gobierno Municipal de Santa Ana Nopalucan llev\u00f3 a cabo un importante recorrido de supervisi\u00f3n en las instalaciones de la Iglesia del Ni\u00f1o del Cerrito, un punto de gran relevancia y afluencia en nuestro municipio. Bajo una estrategia de cuidado total, diversas dependencias unieron esfuerzos para inspeccionar [&hellip;]<\/p>\n","protected":false},"author":3,"featured_media":71774,"comment_status":"open","ping_status":"open","sticky":false,"template":"","format":"standard","meta":{"footnotes":""},"categories":[305],"tags":[],"class_list":["post-71773","post","type-post","status-publish","format-standard","has-post-thumbnail","hentry","category-santa-ana-nopalucan"],"amp_enabled":true,"_links":{"self":[{"href":"https:\/\/labestiapolitica.com.mx\/index.php?rest_route=\/wp\/v2\/posts\/71773","targetHints":{"allow":["GET"]}}],"collection":[{"href":"https:\/\/labestiapolitica.com.mx\/index.php?rest_route=\/wp\/v2\/posts"}],"about":[{"href":"https:\/\/labestiapolitica.com.mx\/index.php?rest_route=\/wp\/v2\/types\/post"}],"author":[{"embeddable":true,"href":"https:\/\/labestiapolitica.com.mx\/index.php?rest_route=\/wp\/v2\/users\/3"}],"replies":[{"embeddable":true,"href":"https:\/\/labestiapolitica.com.mx\/index.php?rest_route=%2Fwp%2Fv2%2Fcomments&post=71773"}],"version-history":[{"count":1,"href":"https:\/\/labestiapolitica.com.mx\/index.php?rest_route=\/wp\/v2\/posts\/71773\/revisions"}],"predecessor-version":[{"id":71775,"href":"https:\/\/labestiapolitica.com.mx\/index.php?rest_route=\/wp\/v2\/posts\/71773\/revisions\/71775"}],"wp:featuredmedia":[{"embeddable":true,"href":"https:\/\/labestiapolitica.com.mx\/index.php?rest_route=\/wp\/v2\/media\/71774"}],"wp:attachment":[{"href":"https:\/\/labestiapolitica.com.mx\/index.php?rest_route=%2Fwp%2Fv2%2Fmedia&parent=71773"}],"wp:term":[{"taxonomy":"category","embeddable":true,"href":"https:\/\/labestiapolitica.com.mx\/index.php?rest_route=%2Fwp%2Fv2%2Fcategories&post=71773"},{"taxonomy":"post_tag","embeddable":true,"href":"https:\/\/labestiapolitica.com.mx\/index.php?rest_route=%2Fwp%2Fv2%2Ftags&post=71773"}],"curies":[{"name":"wp","href":"https:\/\/api.w.org\/{rel}","templated":true}]}}