{"id":71780,"date":"2026-05-01T16:15:01","date_gmt":"2026-05-01T22:15:01","guid":{"rendered":"https:\/\/labestiapolitica.com.mx\/?p=71780"},"modified":"2026-05-01T16:15:01","modified_gmt":"2026-05-01T22:15:01","slug":"%e2%9c%a8-transformando-tetela-brigadas-municipales-impulsan-una-nueva-imagen-para-el-barrio-%f0%9f%8c%bf%f0%9f%a7%b9","status":"publish","type":"post","link":"https:\/\/labestiapolitica.com.mx\/?p=71780","title":{"rendered":"\u2728 \u00a1Transformando Tetela!: Brigadas municipales impulsan una nueva imagen para el barrio \ud83c\udf3f\ud83e\uddf9"},"content":{"rendered":"<p style=\"text-align: justify;\" data-path-to-node=\"3\"><b data-path-to-node=\"3\" data-index-in-node=\"0\">\u00a1El compromiso con el entorno se traduce en hechos!<\/b> Como parte de una jornada intensiva de trabajo, las brigadas de <b data-path-to-node=\"3\" data-index-in-node=\"116\">Servicios Municipales e Imagen Urbana<\/b> se desplegaron en el barrio de <b data-path-to-node=\"3\" data-index-in-node=\"185\">Tetela<\/b> para realizar labores de mantenimiento integral, logrando un cambio notable en la zona. \ud83c\udfd8\ufe0f\ud83d\udcaa<\/p>\n<p style=\"text-align: justify;\" data-path-to-node=\"4\">Estas acciones no solo buscan mejorar la est\u00e9tica de nuestras calles, sino tambi\u00e9n garantizar espacios m\u00e1s dignos y seguros para las familias. Adem\u00e1s, esta actividad se enmarc\u00f3 en el <b data-path-to-node=\"4\" data-index-in-node=\"183\">D\u00eda de las Buenas Acciones<\/b>, reafirmando que el servicio p\u00fablico es la herramienta clave para generar un bienestar real en la comunidad. \ud83e\udd1d\ud83c\udf1f<\/p>\n<p style=\"text-align: justify;\" data-path-to-node=\"5\"><b data-path-to-node=\"5\" data-index-in-node=\"0\">\u00bfQu\u00e9 se logr\u00f3 en esta jornada?<\/b><\/p>\n<ul style=\"text-align: justify;\" data-path-to-node=\"6\">\n<li>\n<p data-path-to-node=\"6,0,0\"><b data-path-to-node=\"6,0,0\" data-index-in-node=\"0\">Limpieza Profunda:<\/b> Retiro de residuos y despeje de \u00e1reas comunes para mayor higiene. \ud83d\uddd1\ufe0f\u2705<\/p>\n<\/li>\n<li>\n<p data-path-to-node=\"6,1,0\"><b data-path-to-node=\"6,1,0\" data-index-in-node=\"0\">Poda y Mantenimiento:<\/b> Cuidado de \u00e1reas verdes para mejorar la visibilidad y el orden. \ud83c\udf33\u2702\ufe0f<\/p>\n<\/li>\n<li>\n<p data-path-to-node=\"6,2,0\"><b data-path-to-node=\"6,2,0\" data-index-in-node=\"0\">Imagen Urbana:<\/b> Un entorno renovado que fomenta el orgullo de pertenecer a nuestro municipio. \ud83c\udfd9\ufe0f\u2728<\/p>\n<\/li>\n<li>\n<p data-path-to-node=\"6,3,0\"><b data-path-to-node=\"6,3,0\" data-index-in-node=\"0\">Esp\u00edritu de Servicio:<\/b> Se demostr\u00f3 que el trabajo conjunto entre gobierno y ciudadan\u00eda es el motor del cambio. \ud83d\udc77\u200d\u2642\ufe0f\u2764\ufe0f<\/p>\n<\/li>\n<\/ul>\n<p style=\"text-align: justify;\" data-path-to-node=\"7\">Con estas labores, se avanza con paso firme hacia un municipio m\u00e1s limpio, demostrando que hacer el bien es el camino que nos une a todos. \ud83d\ude80\ud83c\udf08<\/p>\n","protected":false},"excerpt":{"rendered":"<p>\u00a1El compromiso con el entorno se traduce en hechos! Como parte de una jornada intensiva de trabajo, las brigadas de Servicios Municipales e Imagen Urbana se desplegaron en el barrio de Tetela para realizar labores de mantenimiento integral, logrando un cambio notable en la zona. \ud83c\udfd8\ufe0f\ud83d\udcaa Estas acciones no solo buscan mejorar la est\u00e9tica de [&hellip;]<\/p>\n","protected":false},"author":3,"featured_media":71781,"comment_status":"open","ping_status":"open","sticky":false,"template":"","format":"standard","meta":{"footnotes":""},"categories":[218],"tags":[],"class_list":["post-71780","post","type-post","status-publish","format-standard","has-post-thumbnail","hentry","category-la-magdalena-tlaltelulco"],"amp_enabled":true,"_links":{"self":[{"href":"https:\/\/labestiapolitica.com.mx\/index.php?rest_route=\/wp\/v2\/posts\/71780","targetHints":{"allow":["GET"]}}],"collection":[{"href":"https:\/\/labestiapolitica.com.mx\/index.php?rest_route=\/wp\/v2\/posts"}],"about":[{"href":"https:\/\/labestiapolitica.com.mx\/index.php?rest_route=\/wp\/v2\/types\/post"}],"author":[{"embeddable":true,"href":"https:\/\/labestiapolitica.com.mx\/index.php?rest_route=\/wp\/v2\/users\/3"}],"replies":[{"embeddable":true,"href":"https:\/\/labestiapolitica.com.mx\/index.php?rest_route=%2Fwp%2Fv2%2Fcomments&post=71780"}],"version-history":[{"count":1,"href":"https:\/\/labestiapolitica.com.mx\/index.php?rest_route=\/wp\/v2\/posts\/71780\/revisions"}],"predecessor-version":[{"id":71782,"href":"https:\/\/labestiapolitica.com.mx\/index.php?rest_route=\/wp\/v2\/posts\/71780\/revisions\/71782"}],"wp:featuredmedia":[{"embeddable":true,"href":"https:\/\/labestiapolitica.com.mx\/index.php?rest_route=\/wp\/v2\/media\/71781"}],"wp:attachment":[{"href":"https:\/\/labestiapolitica.com.mx\/index.php?rest_route=%2Fwp%2Fv2%2Fmedia&parent=71780"}],"wp:term":[{"taxonomy":"category","embeddable":true,"href":"https:\/\/labestiapolitica.com.mx\/index.php?rest_route=%2Fwp%2Fv2%2Fcategories&post=71780"},{"taxonomy":"post_tag","embeddable":true,"href":"https:\/\/labestiapolitica.com.mx\/index.php?rest_route=%2Fwp%2Fv2%2Ftags&post=71780"}],"curies":[{"name":"wp","href":"https:\/\/api.w.org\/{rel}","templated":true}]}}