{"id":71784,"date":"2026-05-01T16:46:54","date_gmt":"2026-05-01T22:46:54","guid":{"rendered":"https:\/\/labestiapolitica.com.mx\/?p=71784"},"modified":"2026-05-01T16:46:54","modified_gmt":"2026-05-01T22:46:54","slug":"con-paso-firme-en-el-corazon-de-tlaxcala-ana-lilia-rivera-camina-junto-a-la-clase-trabajadora","status":"publish","type":"post","link":"https:\/\/labestiapolitica.com.mx\/?p=71784","title":{"rendered":"Con paso firme en el coraz\u00f3n de Tlaxcala, Ana Lilia Rivera camina junto a la clase trabajadora."},"content":{"rendered":"<ul>\n<li style=\"text-align: justify;\">La Senadora destac\u00f3 avances laborales y asegur\u00f3 que la Cuarta Transformaci\u00f3n seguir\u00e1 poniendo al centro el bienestar de las y los trabajadores.<\/li>\n<\/ul>\n<p style=\"text-align: justify;\">En el marco del D\u00eda del Trabajo, la senadora Ana Lilia Rivera Rivera acompa\u00f1\u00f3 a integrantes de la Federaci\u00f3n de Trabajadores de Tlaxcala y del Sindicato Benito Ju\u00e1rez de la CROM, en una jornada marcada por el reconocimiento a las luchas hist\u00f3ricas y los avances en materia laboral.<\/p>\n<p style=\"text-align: justify;\">Durante el recorrido, la legisladora subray\u00f3 que la Cuarta Transformaci\u00f3n ha significado un cambio de fondo en la relaci\u00f3n entre el gobierno y la clase trabajadora. \u201cHoy tenemos un gobierno del pueblo, para el pueblo y con el pueblo. Somos un gobierno que pone al centro a las y los trabajadores\u201d, afirm\u00f3.<\/p>\n<p style=\"text-align: justify;\">Rivera Rivera destac\u00f3 como uno de los logros m\u00e1s relevantes el incremento del salario m\u00ednimo en un 154 por ciento entre 2018 y 2026, lo que representa un paso firme en la recuperaci\u00f3n del poder adquisitivo de millones de familias en M\u00e9xico y en Tlaxcala.<\/p>\n<p style=\"text-align: justify;\">Asimismo, record\u00f3 que desde el Senado se han impulsado reformas clave como la eliminaci\u00f3n del outsourcing, la mejora del sistema de pensiones y el fortalecimiento de la justicia laboral. A ello se suma el avance en la democracia sindical, con reglas m\u00e1s claras y mayor participaci\u00f3n de las y los trabajadores en la toma de decisiones.<\/p>\n<p style=\"text-align: justify;\">En materia de derechos laborales, resalt\u00f3 la aprobaci\u00f3n de la jornada laboral de 40 horas, as\u00ed como la legislaci\u00f3n para garantizar seguridad social a trabajadores de plataformas digitales.<\/p>\n<p style=\"text-align: justify;\">Tambi\u00e9n mencion\u00f3 la creaci\u00f3n del certificado laboral para trabajadores agr\u00edcolas, con el objetivo de asegurar su acceso a derechos y prestaciones.<\/p>\n<p style=\"text-align: justify;\">En el \u00e1mbito de la vivienda, explic\u00f3 que tanto el Infonavit como el Fovissste han evolucionado, al no limitarse \u00fanicamente al otorgamiento de cr\u00e9ditos, sino tambi\u00e9n a la construcci\u00f3n de vivienda. A\u00f1adi\u00f3 que cerca de cinco millones de cr\u00e9ditos impagables han sido reducidos o liquidados, brindando alivio a miles de familias.<\/p>\n<p style=\"text-align: justify;\">Rivera Rivera enfatiz\u00f3, adem\u00e1s, los avances en igualdad sustantiva, al establecer en la ley que a trabajo igual corresponde salario igual, en beneficio de las trabajadoras de M\u00e9xico.<\/p>\n<p style=\"text-align: justify;\">Respecto a los anuncios recientes de la presidenta Claudia Sheinbaum, destac\u00f3 la publicaci\u00f3n del acuerdo que establece que las y los trabajadores del Estado deber\u00e1n percibir al menos el salario medio registrado en el IMSS en 2024, con incrementos por encima de la inflaci\u00f3n.<\/p>\n<p style=\"text-align: justify;\">Finalmente, record\u00f3 la basificaci\u00f3n de un mill\u00f3n de maestras y maestros y reiter\u00f3 que el compromiso se mantiene firme: \u201cSeguiremos trabajando para recuperar y fortalecer los derechos de las y los trabajadores\u201d.<\/p>\n<p style=\"text-align: justify;\">La senadora concluy\u00f3 subrayando que el bienestar laboral no es una meta alcanzada, sino una tarea permanente que requiere cercan\u00eda, escucha y acciones concretas desde el gobierno y el Poder Legislativo.<\/p>\n","protected":false},"excerpt":{"rendered":"<p>La Senadora destac\u00f3 avances laborales y asegur\u00f3 que la Cuarta Transformaci\u00f3n seguir\u00e1 poniendo al centro el bienestar de las y los trabajadores. En el marco del D\u00eda del Trabajo, la senadora Ana Lilia Rivera Rivera acompa\u00f1\u00f3 a integrantes de la Federaci\u00f3n de Trabajadores de Tlaxcala y del Sindicato Benito Ju\u00e1rez de la CROM, en una [&hellip;]<\/p>\n","protected":false},"author":5,"featured_media":71785,"comment_status":"open","ping_status":"open","sticky":false,"template":"","format":"standard","meta":{"footnotes":""},"categories":[247,230],"tags":[],"class_list":["post-71784","post","type-post","status-publish","format-standard","has-post-thumbnail","hentry","category-politica","category-senado-de-mexico"],"amp_enabled":true,"_links":{"self":[{"href":"https:\/\/labestiapolitica.com.mx\/index.php?rest_route=\/wp\/v2\/posts\/71784","targetHints":{"allow":["GET"]}}],"collection":[{"href":"https:\/\/labestiapolitica.com.mx\/index.php?rest_route=\/wp\/v2\/posts"}],"about":[{"href":"https:\/\/labestiapolitica.com.mx\/index.php?rest_route=\/wp\/v2\/types\/post"}],"author":[{"embeddable":true,"href":"https:\/\/labestiapolitica.com.mx\/index.php?rest_route=\/wp\/v2\/users\/5"}],"replies":[{"embeddable":true,"href":"https:\/\/labestiapolitica.com.mx\/index.php?rest_route=%2Fwp%2Fv2%2Fcomments&post=71784"}],"version-history":[{"count":1,"href":"https:\/\/labestiapolitica.com.mx\/index.php?rest_route=\/wp\/v2\/posts\/71784\/revisions"}],"predecessor-version":[{"id":71786,"href":"https:\/\/labestiapolitica.com.mx\/index.php?rest_route=\/wp\/v2\/posts\/71784\/revisions\/71786"}],"wp:featuredmedia":[{"embeddable":true,"href":"https:\/\/labestiapolitica.com.mx\/index.php?rest_route=\/wp\/v2\/media\/71785"}],"wp:attachment":[{"href":"https:\/\/labestiapolitica.com.mx\/index.php?rest_route=%2Fwp%2Fv2%2Fmedia&parent=71784"}],"wp:term":[{"taxonomy":"category","embeddable":true,"href":"https:\/\/labestiapolitica.com.mx\/index.php?rest_route=%2Fwp%2Fv2%2Fcategories&post=71784"},{"taxonomy":"post_tag","embeddable":true,"href":"https:\/\/labestiapolitica.com.mx\/index.php?rest_route=%2Fwp%2Fv2%2Ftags&post=71784"}],"curies":[{"name":"wp","href":"https:\/\/api.w.org\/{rel}","templated":true}]}}