{"id":71787,"date":"2026-05-01T18:21:53","date_gmt":"2026-05-02T00:21:53","guid":{"rendered":"https:\/\/labestiapolitica.com.mx\/?p=71787"},"modified":"2026-05-01T18:21:53","modified_gmt":"2026-05-02T00:21:53","slug":"pan-tlaxcala-reafirma-su-compromiso-con-las-y-los-trabajadores-en-el-dia-del-trabajo","status":"publish","type":"post","link":"https:\/\/labestiapolitica.com.mx\/?p=71787","title":{"rendered":"PAN Tlaxcala reafirma su compromiso con las y los trabajadores en el D\u00eda del Trabajo."},"content":{"rendered":"<p style=\"text-align: justify;\">En el marco del D\u00eda del Trabajo, el Partido Acci\u00f3n Nacional (PAN) en Tlaxcala reconoce el esfuerzo diario de miles de trabajadoras y trabajadores que con su dedicaci\u00f3n impulsan el desarrollo econ\u00f3mico y social del estado.<\/p>\n<p style=\"text-align: justify;\">El PAN subraya la importancia de garantizar condiciones laborales dignas, salarios justos y oportunidades reales de crecimiento para todas las personas. En este sentido, hace un llamado a las autoridades a fortalecer pol\u00edticas p\u00fablicas que promuevan la formalidad, la seguridad social y el respeto pleno a los derechos laborales.<\/p>\n<p style=\"text-align: justify;\">Asimismo, el partido destaca la necesidad de apoyar a las peque\u00f1as y medianas empresas, que representan una fuente fundamental de empleo en Tlaxcala, mediante incentivos que favorezcan su crecimiento y estabilidad.<\/p>\n<p style=\"text-align: justify;\">\u201cHoy m\u00e1s que nunca, es indispensable construir un entorno donde el trabajo sea sin\u00f3nimo de bienestar y desarrollo para las familias tlaxcaltecas\u201d, se\u00f1al\u00f3 el presidente estatal, \u00c1ngelo Guti\u00e9rrez Hern\u00e1ndez.<\/p>\n<p style=\"text-align: justify;\">El PAN Tlaxcala reiter\u00f3 su compromiso de seguir impulsando iniciativas que beneficien a la clase trabajadora, promoviendo un estado con mayores oportunidades, justicia laboral y crecimiento incluyente.<\/p>\n","protected":false},"excerpt":{"rendered":"<p>En el marco del D\u00eda del Trabajo, el Partido Acci\u00f3n Nacional (PAN) en Tlaxcala reconoce el esfuerzo diario de miles de trabajadoras y trabajadores que con su dedicaci\u00f3n impulsan el desarrollo econ\u00f3mico y social del estado. El PAN subraya la importancia de garantizar condiciones laborales dignas, salarios justos y oportunidades reales de crecimiento para todas [&hellip;]<\/p>\n","protected":false},"author":5,"featured_media":71788,"comment_status":"open","ping_status":"open","sticky":false,"template":"","format":"standard","meta":{"footnotes":""},"categories":[248,264,247],"tags":[],"class_list":["post-71787","post","type-post","status-publish","format-standard","has-post-thumbnail","hentry","category-pan","category-partidos-politicos","category-politica"],"amp_enabled":true,"_links":{"self":[{"href":"https:\/\/labestiapolitica.com.mx\/index.php?rest_route=\/wp\/v2\/posts\/71787","targetHints":{"allow":["GET"]}}],"collection":[{"href":"https:\/\/labestiapolitica.com.mx\/index.php?rest_route=\/wp\/v2\/posts"}],"about":[{"href":"https:\/\/labestiapolitica.com.mx\/index.php?rest_route=\/wp\/v2\/types\/post"}],"author":[{"embeddable":true,"href":"https:\/\/labestiapolitica.com.mx\/index.php?rest_route=\/wp\/v2\/users\/5"}],"replies":[{"embeddable":true,"href":"https:\/\/labestiapolitica.com.mx\/index.php?rest_route=%2Fwp%2Fv2%2Fcomments&post=71787"}],"version-history":[{"count":1,"href":"https:\/\/labestiapolitica.com.mx\/index.php?rest_route=\/wp\/v2\/posts\/71787\/revisions"}],"predecessor-version":[{"id":71789,"href":"https:\/\/labestiapolitica.com.mx\/index.php?rest_route=\/wp\/v2\/posts\/71787\/revisions\/71789"}],"wp:featuredmedia":[{"embeddable":true,"href":"https:\/\/labestiapolitica.com.mx\/index.php?rest_route=\/wp\/v2\/media\/71788"}],"wp:attachment":[{"href":"https:\/\/labestiapolitica.com.mx\/index.php?rest_route=%2Fwp%2Fv2%2Fmedia&parent=71787"}],"wp:term":[{"taxonomy":"category","embeddable":true,"href":"https:\/\/labestiapolitica.com.mx\/index.php?rest_route=%2Fwp%2Fv2%2Fcategories&post=71787"},{"taxonomy":"post_tag","embeddable":true,"href":"https:\/\/labestiapolitica.com.mx\/index.php?rest_route=%2Fwp%2Fv2%2Ftags&post=71787"}],"curies":[{"name":"wp","href":"https:\/\/api.w.org\/{rel}","templated":true}]}}