{"id":71791,"date":"2026-05-01T20:10:04","date_gmt":"2026-05-02T02:10:04","guid":{"rendered":"https:\/\/labestiapolitica.com.mx\/?p=71791"},"modified":"2026-05-01T20:10:04","modified_gmt":"2026-05-02T02:10:04","slug":"panotla-celebra-a-la-ninez-con-jornada-de-juegos-regalos-y-convivencia-familiar","status":"publish","type":"post","link":"https:\/\/labestiapolitica.com.mx\/?p=71791","title":{"rendered":"Panotla celebra a la ni\u00f1ez con jornada de juegos, regalos y convivencia familiar."},"content":{"rendered":"<p style=\"text-align: justify;\"><em><strong>Demian M\u00e1rquez<\/strong><\/em> | El Ayuntamiento de Panotla, encabezado por Idelfonso Carro Rold\u00e1n, llev\u00f3 a cabo un festejo masivo con motivo del D\u00eda de la Ni\u00f1a y el Ni\u00f1o, en el que familias completas se reunieron para disfrutar de actividades recreativas en un ambiente de convivencia.<\/p>\n<p style=\"text-align: justify;\">Durante el evento, autoridades municipales y representantes de distintas comunidades acompa\u00f1aron la jornada, que incluy\u00f3 din\u00e1micas pensadas para el entretenimiento de los menores.<\/p>\n<p style=\"text-align: justify;\">Los asistentes pudieron acceder de manera gratuita a juegos mec\u00e1nicos, inflables, dulces y diversas estaciones de entretenimiento, dise\u00f1adas para fomentar la participaci\u00f3n y la alegr\u00eda entre los ni\u00f1os.<\/p>\n<p style=\"text-align: justify;\"><img loading=\"lazy\" decoding=\"async\" class=\"size-medium wp-image-71793 alignleft\" src=\"https:\/\/labestiapolitica.com.mx\/wp-content\/uploads\/2026\/05\/WhatsApp-Image-2026-05-01-at-7.05.19-PM-2-300x200.jpeg\" alt=\"\" width=\"300\" height=\"200\" srcset=\"https:\/\/labestiapolitica.com.mx\/wp-content\/uploads\/2026\/05\/WhatsApp-Image-2026-05-01-at-7.05.19-PM-2-300x200.jpeg 300w, https:\/\/labestiapolitica.com.mx\/wp-content\/uploads\/2026\/05\/WhatsApp-Image-2026-05-01-at-7.05.19-PM-2-1024x682.jpeg 1024w, https:\/\/labestiapolitica.com.mx\/wp-content\/uploads\/2026\/05\/WhatsApp-Image-2026-05-01-at-7.05.19-PM-2-768x511.jpeg 768w, https:\/\/labestiapolitica.com.mx\/wp-content\/uploads\/2026\/05\/WhatsApp-Image-2026-05-01-at-7.05.19-PM-2.jpeg 1280w\" sizes=\"auto, (max-width: 300px) 100vw, 300px\" \/>El alcalde destac\u00f3 la importancia de generar espacios donde la ni\u00f1ez pueda desarrollarse en entornos seguros y de esparcimiento, al tiempo que reconoci\u00f3 el respaldo de padres de familia y del equipo organizador para hacer posible la celebraci\u00f3n.<\/p>\n<p style=\"text-align: justify;\">Subray\u00f3 que este tipo de actividades buscan fortalecer el tejido social desde la convivencia familiar.<\/p>\n<p style=\"text-align: justify;\">La jornada se extendi\u00f3 durante varias horas, permitiendo que ni\u00f1as y ni\u00f1os aprovecharan al m\u00e1ximo las atracciones instaladas.<\/p>\n<p style=\"text-align: justify;\">El evento cerr\u00f3 con un ambiente festivo, marcado por la entrega de obsequios y mensajes de \u00e1nimo para que los menores contin\u00faen disfrutando su infancia.<\/p>\n<p style=\"text-align: justify;\">Con este tipo de acciones, el gobierno municipal reiter\u00f3 su compromiso de impulsar iniciativas que promuevan el bienestar y la felicidad de la ni\u00f1ez en Panotla.<\/p>\n","protected":false},"excerpt":{"rendered":"<p>Demian M\u00e1rquez | El Ayuntamiento de Panotla, encabezado por Idelfonso Carro Rold\u00e1n, llev\u00f3 a cabo un festejo masivo con motivo del D\u00eda de la Ni\u00f1a y el Ni\u00f1o, en el que familias completas se reunieron para disfrutar de actividades recreativas en un ambiente de convivencia. Durante el evento, autoridades municipales y representantes de distintas comunidades [&hellip;]<\/p>\n","protected":false},"author":5,"featured_media":71792,"comment_status":"open","ping_status":"open","sticky":false,"template":"","format":"standard","meta":{"footnotes":""},"categories":[216,237],"tags":[],"class_list":["post-71791","post","type-post","status-publish","format-standard","has-post-thumbnail","hentry","category-municipios","category-panotla"],"amp_enabled":true,"_links":{"self":[{"href":"https:\/\/labestiapolitica.com.mx\/index.php?rest_route=\/wp\/v2\/posts\/71791","targetHints":{"allow":["GET"]}}],"collection":[{"href":"https:\/\/labestiapolitica.com.mx\/index.php?rest_route=\/wp\/v2\/posts"}],"about":[{"href":"https:\/\/labestiapolitica.com.mx\/index.php?rest_route=\/wp\/v2\/types\/post"}],"author":[{"embeddable":true,"href":"https:\/\/labestiapolitica.com.mx\/index.php?rest_route=\/wp\/v2\/users\/5"}],"replies":[{"embeddable":true,"href":"https:\/\/labestiapolitica.com.mx\/index.php?rest_route=%2Fwp%2Fv2%2Fcomments&post=71791"}],"version-history":[{"count":1,"href":"https:\/\/labestiapolitica.com.mx\/index.php?rest_route=\/wp\/v2\/posts\/71791\/revisions"}],"predecessor-version":[{"id":71794,"href":"https:\/\/labestiapolitica.com.mx\/index.php?rest_route=\/wp\/v2\/posts\/71791\/revisions\/71794"}],"wp:featuredmedia":[{"embeddable":true,"href":"https:\/\/labestiapolitica.com.mx\/index.php?rest_route=\/wp\/v2\/media\/71792"}],"wp:attachment":[{"href":"https:\/\/labestiapolitica.com.mx\/index.php?rest_route=%2Fwp%2Fv2%2Fmedia&parent=71791"}],"wp:term":[{"taxonomy":"category","embeddable":true,"href":"https:\/\/labestiapolitica.com.mx\/index.php?rest_route=%2Fwp%2Fv2%2Fcategories&post=71791"},{"taxonomy":"post_tag","embeddable":true,"href":"https:\/\/labestiapolitica.com.mx\/index.php?rest_route=%2Fwp%2Fv2%2Ftags&post=71791"}],"curies":[{"name":"wp","href":"https:\/\/api.w.org\/{rel}","templated":true}]}}