{"id":71795,"date":"2026-05-01T20:14:00","date_gmt":"2026-05-02T02:14:00","guid":{"rendered":"https:\/\/labestiapolitica.com.mx\/?p=71795"},"modified":"2026-05-01T20:14:51","modified_gmt":"2026-05-02T02:14:51","slug":"71795","status":"publish","type":"post","link":"https:\/\/labestiapolitica.com.mx\/?p=71795","title":{"rendered":"Idelfonso Carro destaca ambiente seguro y gratuito durante festejos del D\u00eda de la Ni\u00f1ez."},"content":{"rendered":"<p style=\"text-align: justify;\"><em><strong>Demian M\u00e1rquez<\/strong><\/em> | El presidente municipal de Panotla, Idelfonso Carro Rold\u00e1n, destac\u00f3 la amplia participaci\u00f3n ciudadana durante el festejo del D\u00eda de la Ni\u00f1a y el Ni\u00f1o, donde, afirm\u00f3, se dieron cita cerca de cinco mil personas en un evento dise\u00f1ado especialmente para el disfrute de la infancia.<\/p>\n<p style=\"text-align: justify;\">El edil subray\u00f3 que todas las actividades fueron pensadas para ofrecer un espacio recreativo integral, con juegos mec\u00e1nicos, inflables, dulces y obsequios completamente gratuitos.<\/p>\n<p style=\"text-align: justify;\">Se\u00f1al\u00f3 que el objetivo principal fue garantizar que ni\u00f1as y ni\u00f1os vivieran una jornada de alegr\u00eda en compa\u00f1\u00eda de sus familias.<\/p>\n<p style=\"text-align: justify;\">Asimismo, asegur\u00f3 que el evento cont\u00f3 con un operativo de seguridad coordinado entre distintas \u00e1reas del ayuntamiento, lo que permiti\u00f3 mantener un ambiente ordenado y tranquilo durante toda la celebraci\u00f3n.<\/p>\n<p style=\"text-align: justify;\">Invit\u00f3 a la ciudadan\u00eda a seguir participando en este tipo de actividades, que buscan fortalecer la convivencia familiar.<\/p>\n<p style=\"text-align: justify;\">Finalmente, adelant\u00f3 que el gobierno municipal continuar\u00e1 con su agenda de celebraciones durante el mes de mayo, incluyendo eventos para madres y docentes, como parte de las acciones encaminadas a reconocer a distintos sectores de la poblaci\u00f3n.<\/p>\n","protected":false},"excerpt":{"rendered":"<p>Demian M\u00e1rquez | El presidente municipal de Panotla, Idelfonso Carro Rold\u00e1n, destac\u00f3 la amplia participaci\u00f3n ciudadana durante el festejo del D\u00eda de la Ni\u00f1a y el Ni\u00f1o, donde, afirm\u00f3, se dieron cita cerca de cinco mil personas en un evento dise\u00f1ado especialmente para el disfrute de la infancia. El edil subray\u00f3 que todas las actividades [&hellip;]<\/p>\n","protected":false},"author":5,"featured_media":71798,"comment_status":"open","ping_status":"open","sticky":false,"template":"","format":"standard","meta":{"footnotes":""},"categories":[216,237],"tags":[],"class_list":["post-71795","post","type-post","status-publish","format-standard","has-post-thumbnail","hentry","category-municipios","category-panotla"],"amp_enabled":true,"_links":{"self":[{"href":"https:\/\/labestiapolitica.com.mx\/index.php?rest_route=\/wp\/v2\/posts\/71795","targetHints":{"allow":["GET"]}}],"collection":[{"href":"https:\/\/labestiapolitica.com.mx\/index.php?rest_route=\/wp\/v2\/posts"}],"about":[{"href":"https:\/\/labestiapolitica.com.mx\/index.php?rest_route=\/wp\/v2\/types\/post"}],"author":[{"embeddable":true,"href":"https:\/\/labestiapolitica.com.mx\/index.php?rest_route=\/wp\/v2\/users\/5"}],"replies":[{"embeddable":true,"href":"https:\/\/labestiapolitica.com.mx\/index.php?rest_route=%2Fwp%2Fv2%2Fcomments&post=71795"}],"version-history":[{"count":2,"href":"https:\/\/labestiapolitica.com.mx\/index.php?rest_route=\/wp\/v2\/posts\/71795\/revisions"}],"predecessor-version":[{"id":71799,"href":"https:\/\/labestiapolitica.com.mx\/index.php?rest_route=\/wp\/v2\/posts\/71795\/revisions\/71799"}],"wp:featuredmedia":[{"embeddable":true,"href":"https:\/\/labestiapolitica.com.mx\/index.php?rest_route=\/wp\/v2\/media\/71798"}],"wp:attachment":[{"href":"https:\/\/labestiapolitica.com.mx\/index.php?rest_route=%2Fwp%2Fv2%2Fmedia&parent=71795"}],"wp:term":[{"taxonomy":"category","embeddable":true,"href":"https:\/\/labestiapolitica.com.mx\/index.php?rest_route=%2Fwp%2Fv2%2Fcategories&post=71795"},{"taxonomy":"post_tag","embeddable":true,"href":"https:\/\/labestiapolitica.com.mx\/index.php?rest_route=%2Fwp%2Fv2%2Ftags&post=71795"}],"curies":[{"name":"wp","href":"https:\/\/api.w.org\/{rel}","templated":true}]}}