{"id":71800,"date":"2026-05-01T20:19:39","date_gmt":"2026-05-02T02:19:39","guid":{"rendered":"https:\/\/labestiapolitica.com.mx\/?p=71800"},"modified":"2026-05-01T20:19:39","modified_gmt":"2026-05-02T02:19:39","slug":"panotla-vive-una-gran-celebracion-por-el-dia-de-la-nina-y-el-nino","status":"publish","type":"post","link":"https:\/\/labestiapolitica.com.mx\/?p=71800","title":{"rendered":"Panotla vive una gran celebraci\u00f3n por el D\u00eda de la Ni\u00f1a y el Ni\u00f1o."},"content":{"rendered":"<p style=\"text-align: justify;\">Gracias al impulso del presidente municipal, Idelfonso Carro Rold\u00e1n, Panotla celebr\u00f3 en grande el D\u00eda de la Ni\u00f1a y el Ni\u00f1o, en un evento que reuni\u00f3 a m\u00e1s de 5 mil personas en un ambiente lleno de alegr\u00eda, sonrisas y convivencia familiar.<\/p>\n<p style=\"text-align: justify;\">La cancha de la colonia Emiliano Zapata se convirti\u00f3 en un espacio de diversi\u00f3n total, donde ni\u00f1as, ni\u00f1os y familias disfrutaron del espectacular show de Los Destrampados, as\u00ed como de juegos mec\u00e1nicos, inflables gratuitos y golosinas, en un entorno completamente familiar y seguro.<\/p>\n<p style=\"text-align: justify;\">Este gran festejo refleja el compromiso del presidente municipal por brindar momentos de felicidad a las ni\u00f1as y ni\u00f1os de Panotla, reconociendo su importancia como el presente y futuro del municipio.<\/p>\n<p style=\"text-align: justify;\">Con este tipo de acciones, el Gobierno Municipal refrenda su compromiso de seguir generando espacios de convivencia, uni\u00f3n y alegr\u00eda para las familias panotlenses.<br \/>\nPorque en Panotla, la ni\u00f1ez se celebra, se cuida y se impulsa todos los d\u00edas.<\/p>\n","protected":false},"excerpt":{"rendered":"<p>Gracias al impulso del presidente municipal, Idelfonso Carro Rold\u00e1n, Panotla celebr\u00f3 en grande el D\u00eda de la Ni\u00f1a y el Ni\u00f1o, en un evento que reuni\u00f3 a m\u00e1s de 5 mil personas en un ambiente lleno de alegr\u00eda, sonrisas y convivencia familiar. La cancha de la colonia Emiliano Zapata se convirti\u00f3 en un espacio de [&hellip;]<\/p>\n","protected":false},"author":5,"featured_media":71801,"comment_status":"open","ping_status":"open","sticky":false,"template":"","format":"standard","meta":{"footnotes":""},"categories":[216,237],"tags":[],"class_list":["post-71800","post","type-post","status-publish","format-standard","has-post-thumbnail","hentry","category-municipios","category-panotla"],"amp_enabled":true,"_links":{"self":[{"href":"https:\/\/labestiapolitica.com.mx\/index.php?rest_route=\/wp\/v2\/posts\/71800","targetHints":{"allow":["GET"]}}],"collection":[{"href":"https:\/\/labestiapolitica.com.mx\/index.php?rest_route=\/wp\/v2\/posts"}],"about":[{"href":"https:\/\/labestiapolitica.com.mx\/index.php?rest_route=\/wp\/v2\/types\/post"}],"author":[{"embeddable":true,"href":"https:\/\/labestiapolitica.com.mx\/index.php?rest_route=\/wp\/v2\/users\/5"}],"replies":[{"embeddable":true,"href":"https:\/\/labestiapolitica.com.mx\/index.php?rest_route=%2Fwp%2Fv2%2Fcomments&post=71800"}],"version-history":[{"count":1,"href":"https:\/\/labestiapolitica.com.mx\/index.php?rest_route=\/wp\/v2\/posts\/71800\/revisions"}],"predecessor-version":[{"id":71802,"href":"https:\/\/labestiapolitica.com.mx\/index.php?rest_route=\/wp\/v2\/posts\/71800\/revisions\/71802"}],"wp:featuredmedia":[{"embeddable":true,"href":"https:\/\/labestiapolitica.com.mx\/index.php?rest_route=\/wp\/v2\/media\/71801"}],"wp:attachment":[{"href":"https:\/\/labestiapolitica.com.mx\/index.php?rest_route=%2Fwp%2Fv2%2Fmedia&parent=71800"}],"wp:term":[{"taxonomy":"category","embeddable":true,"href":"https:\/\/labestiapolitica.com.mx\/index.php?rest_route=%2Fwp%2Fv2%2Fcategories&post=71800"},{"taxonomy":"post_tag","embeddable":true,"href":"https:\/\/labestiapolitica.com.mx\/index.php?rest_route=%2Fwp%2Fv2%2Ftags&post=71800"}],"curies":[{"name":"wp","href":"https:\/\/api.w.org\/{rel}","templated":true}]}}