{"id":83694,"date":"2026-08-24T13:20:51","date_gmt":"2026-08-24T19:20:51","guid":{"rendered":"https:\/\/labestiapolitica.com.mx\/?p=83694"},"modified":"2026-08-27T13:22:11","modified_gmt":"2026-08-27T19:22:11","slug":"%e2%9a%bd%f0%9f%a5%85xaltocan-apoya-traslado-de-jovenes-futbolistas-a-encuentro-deportivo-en-texcoco","status":"publish","type":"post","link":"https:\/\/labestiapolitica.com.mx\/?p=83694","title":{"rendered":"\u26bd\ud83e\udd45Xaltocan apoya traslado de j\u00f3venes futbolistas a encuentro deportivo en Texcoco"},"content":{"rendered":"<p class=\"isSelectedEnd\" style=\"text-align: justify;\"><strong>Ni\u00f1as, ni\u00f1os y j\u00f3venes de la Cantera J.B. representaron al municipio en partidos frente a escuelas de f\u00fatbol de Acolman, Estado de M\u00e9xico.<\/strong><\/p>\n<p class=\"isSelectedEnd\" style=\"text-align: justify;\">El Gobierno Municipal de Xaltocan, encabezado por el presidente Jos\u00e9 Luis Hern\u00e1ndez V\u00e1zquez, brind\u00f3 apoyo con transporte y autob\u00fas a integrantes de la Cantera J.B. para participar en un encuentro de escuelas de f\u00fatbol realizado en Texcoco, Estado de M\u00e9xico.<\/p>\n<p class=\"isSelectedEnd\" style=\"text-align: justify;\">Ni\u00f1as, ni\u00f1os y j\u00f3venes del municipio participaron en distintas categor\u00edas, enfrent\u00e1ndose a equipos como Acolman Pachuca y Las \u00c1guilas de Acolman Am\u00e9rica.<\/p>\n<p class=\"isSelectedEnd\" style=\"text-align: justify;\">En la categor\u00eda Infantil, el representativo de Xaltocan cay\u00f3 por marcador de 3-2, mientras que la categor\u00eda Juvenil obtuvo una victoria de 3-1. Por su parte, la categor\u00eda Juvenil Mayor consigui\u00f3 un empate 2-2.<\/p>\n<p class=\"isSelectedEnd\" style=\"text-align: justify;\">Las autoridades municipales destacaron el talento, disciplina y compromiso mostrado por las y los participantes durante la jornada deportiva.<\/p>\n<p class=\"isSelectedEnd\" style=\"text-align: justify;\">El Ayuntamiento se\u00f1al\u00f3 que este tipo de apoyos buscan fomentar la pr\u00e1ctica del deporte, fortalecer la convivencia y generar mayores oportunidades de desarrollo para ni\u00f1as, ni\u00f1os y j\u00f3venes.<\/p>\n<p style=\"text-align: justify;\">La administraci\u00f3n municipal reiter\u00f3 que continuar\u00e1 respaldando actividades que permitan a las nuevas generaciones representar a Xaltocan dentro y fuera del estado.<\/p>\n","protected":false},"excerpt":{"rendered":"<p>Ni\u00f1as, ni\u00f1os y j\u00f3venes de la Cantera J.B. representaron al municipio en partidos frente a escuelas de f\u00fatbol de Acolman, Estado de M\u00e9xico. El Gobierno Municipal de Xaltocan, encabezado por el presidente Jos\u00e9 Luis Hern\u00e1ndez V\u00e1zquez, brind\u00f3 apoyo con transporte y autob\u00fas a integrantes de la Cantera J.B. para participar en un encuentro de escuelas [&hellip;]<\/p>\n","protected":false},"author":3,"featured_media":83695,"comment_status":"open","ping_status":"open","sticky":false,"template":"","format":"standard","meta":{"footnotes":""},"categories":[216,228],"tags":[],"class_list":["post-83694","post","type-post","status-publish","format-standard","has-post-thumbnail","hentry","category-municipios","category-xaltocan"],"amp_enabled":true,"_links":{"self":[{"href":"https:\/\/labestiapolitica.com.mx\/index.php?rest_route=\/wp\/v2\/posts\/83694","targetHints":{"allow":["GET"]}}],"collection":[{"href":"https:\/\/labestiapolitica.com.mx\/index.php?rest_route=\/wp\/v2\/posts"}],"about":[{"href":"https:\/\/labestiapolitica.com.mx\/index.php?rest_route=\/wp\/v2\/types\/post"}],"author":[{"embeddable":true,"href":"https:\/\/labestiapolitica.com.mx\/index.php?rest_route=\/wp\/v2\/users\/3"}],"replies":[{"embeddable":true,"href":"https:\/\/labestiapolitica.com.mx\/index.php?rest_route=%2Fwp%2Fv2%2Fcomments&post=83694"}],"version-history":[{"count":1,"href":"https:\/\/labestiapolitica.com.mx\/index.php?rest_route=\/wp\/v2\/posts\/83694\/revisions"}],"predecessor-version":[{"id":83696,"href":"https:\/\/labestiapolitica.com.mx\/index.php?rest_route=\/wp\/v2\/posts\/83694\/revisions\/83696"}],"wp:featuredmedia":[{"embeddable":true,"href":"https:\/\/labestiapolitica.com.mx\/index.php?rest_route=\/wp\/v2\/media\/83695"}],"wp:attachment":[{"href":"https:\/\/labestiapolitica.com.mx\/index.php?rest_route=%2Fwp%2Fv2%2Fmedia&parent=83694"}],"wp:term":[{"taxonomy":"category","embeddable":true,"href":"https:\/\/labestiapolitica.com.mx\/index.php?rest_route=%2Fwp%2Fv2%2Fcategories&post=83694"},{"taxonomy":"post_tag","embeddable":true,"href":"https:\/\/labestiapolitica.com.mx\/index.php?rest_route=%2Fwp%2Fv2%2Ftags&post=83694"}],"curies":[{"name":"wp","href":"https:\/\/api.w.org\/{rel}","templated":true}]}}