{"id":83699,"date":"2026-08-19T14:25:27","date_gmt":"2026-08-19T20:25:27","guid":{"rendered":"https:\/\/labestiapolitica.com.mx\/?p=83699"},"modified":"2026-08-27T14:26:37","modified_gmt":"2026-08-27T20:26:37","slug":"%f0%9f%8e%93xaltocan-mantiene-servicios-gratuitos-para-estudiantes-hasta-el-1-de-septiembre","status":"publish","type":"post","link":"https:\/\/labestiapolitica.com.mx\/?p=83699","title":{"rendered":"\ud83c\udf93Xaltocan mantiene servicios gratuitos para estudiantes hasta el 1 de septiembre"},"content":{"rendered":"<p class=\"isSelectedEnd\" style=\"text-align: justify;\"><strong>Las y los alumnos podr\u00e1n acceder a ex\u00e1menes m\u00e9dicos y cortes de cabello sin costo, en un horario de 8:00 a 12:00 horas.<\/strong><\/p>\n<p class=\"isSelectedEnd\" style=\"text-align: justify;\">El Gobierno Municipal de Xaltocan inform\u00f3 que continuar\u00e1n disponibles los servicios gratuitos dirigidos a estudiantes, con el objetivo de apoyar a las familias ante el inicio del ciclo escolar.<\/p>\n<p class=\"isSelectedEnd\" style=\"text-align: justify;\">Entre los servicios se encuentran ex\u00e1menes m\u00e9dicos y cortes de cabello sin costo, los cuales estar\u00e1n disponibles a partir de este viernes 28 de agosto y hasta el martes 1 de septiembre.<\/p>\n<p class=\"isSelectedEnd\" style=\"text-align: justify;\">La atenci\u00f3n se brindar\u00e1 en un horario de 8:00 de la ma\u00f1ana a 12:00 del d\u00eda.<\/p>\n<p class=\"isSelectedEnd\" style=\"text-align: justify;\">Las autoridades municipales invitaron a madres, padres de familia y estudiantes a aprovechar estos apoyos, que buscan facilitar algunos de los preparativos previos al regreso a clases.<\/p>\n<p style=\"text-align: justify;\">El Ayuntamiento reiter\u00f3 que continuar\u00e1 impulsando acciones enfocadas en respaldar a la comunidad estudiantil y contribuir a la econom\u00eda familiar.<\/p>\n","protected":false},"excerpt":{"rendered":"<p>Las y los alumnos podr\u00e1n acceder a ex\u00e1menes m\u00e9dicos y cortes de cabello sin costo, en un horario de 8:00 a 12:00 horas. El Gobierno Municipal de Xaltocan inform\u00f3 que continuar\u00e1n disponibles los servicios gratuitos dirigidos a estudiantes, con el objetivo de apoyar a las familias ante el inicio del ciclo escolar. Entre los servicios [&hellip;]<\/p>\n","protected":false},"author":3,"featured_media":83705,"comment_status":"open","ping_status":"open","sticky":false,"template":"","format":"standard","meta":{"footnotes":""},"categories":[216,228],"tags":[],"class_list":["post-83699","post","type-post","status-publish","format-standard","has-post-thumbnail","hentry","category-municipios","category-xaltocan"],"amp_enabled":true,"_links":{"self":[{"href":"https:\/\/labestiapolitica.com.mx\/index.php?rest_route=\/wp\/v2\/posts\/83699","targetHints":{"allow":["GET"]}}],"collection":[{"href":"https:\/\/labestiapolitica.com.mx\/index.php?rest_route=\/wp\/v2\/posts"}],"about":[{"href":"https:\/\/labestiapolitica.com.mx\/index.php?rest_route=\/wp\/v2\/types\/post"}],"author":[{"embeddable":true,"href":"https:\/\/labestiapolitica.com.mx\/index.php?rest_route=\/wp\/v2\/users\/3"}],"replies":[{"embeddable":true,"href":"https:\/\/labestiapolitica.com.mx\/index.php?rest_route=%2Fwp%2Fv2%2Fcomments&post=83699"}],"version-history":[{"count":1,"href":"https:\/\/labestiapolitica.com.mx\/index.php?rest_route=\/wp\/v2\/posts\/83699\/revisions"}],"predecessor-version":[{"id":83706,"href":"https:\/\/labestiapolitica.com.mx\/index.php?rest_route=\/wp\/v2\/posts\/83699\/revisions\/83706"}],"wp:featuredmedia":[{"embeddable":true,"href":"https:\/\/labestiapolitica.com.mx\/index.php?rest_route=\/wp\/v2\/media\/83705"}],"wp:attachment":[{"href":"https:\/\/labestiapolitica.com.mx\/index.php?rest_route=%2Fwp%2Fv2%2Fmedia&parent=83699"}],"wp:term":[{"taxonomy":"category","embeddable":true,"href":"https:\/\/labestiapolitica.com.mx\/index.php?rest_route=%2Fwp%2Fv2%2Fcategories&post=83699"},{"taxonomy":"post_tag","embeddable":true,"href":"https:\/\/labestiapolitica.com.mx\/index.php?rest_route=%2Fwp%2Fv2%2Ftags&post=83699"}],"curies":[{"name":"wp","href":"https:\/\/api.w.org\/{rel}","templated":true}]}}