{"id":83972,"date":"2026-08-30T21:32:19","date_gmt":"2026-08-31T03:32:19","guid":{"rendered":"https:\/\/labestiapolitica.com.mx\/?p=83972"},"modified":"2026-08-30T21:32:19","modified_gmt":"2026-08-31T03:32:19","slug":"todo-un-exito-la-carrera-por-el-mes-de-la-juventud-ray-colors-fest-en-tlaxcala","status":"publish","type":"post","link":"https:\/\/labestiapolitica.com.mx\/?p=83972","title":{"rendered":"Todo un \u00e9xito la carrera por el mes de la juventud \u201cRay Colors Fest\u201d en Tlaxcala."},"content":{"rendered":"<p style=\"text-align: justify;\">La carrera organizada por j\u00f3venes promotores de la Soberan\u00eda Nacional result\u00f3 todo un \u00e9xito con la participaci\u00f3n de casi 500 personas en Tlaxcala, cuyo invitado especial, el Diputado Federal con Licencia, Raymundo V\u00e1zquez Conchas, expres\u00f3 que la juventud es el \u00edmpetu de todo cambio en la sociedad.<\/p>\n<p style=\"text-align: justify;\">En el marco del mes de la Juventud, el Legislador de Morena agradeci\u00f3 a las y los j\u00f3venes por la invitaci\u00f3n, al tiempo que destac\u00f3 que la sana convivencia es la raiz del ambiente familiar, por lo que se dijo feliz por ver a las familias disfrutar de un domingo con actividades de recreaci\u00f3n y esparcimiento.<\/p>\n<p style=\"text-align: justify;\">Entrevistado al respecto, Ray V\u00e1zquez puntualiz\u00f3 que es de suma importancia escuchar a las y los j\u00f3venes porque se enfrentan a diversos desaf\u00edos en el mundo actual, por ello, respalda a las juventudes y est\u00e1 a favor de sus derechos porque muchas veces son ignorados por la sociedad.<\/p>\n<p style=\"text-align: justify;\">\u201cAgradecido con todas las familias tlaxcaltecas que se dieron cita para compartir un momento de alegr\u00eda, y para cerrar el mes de la juventud quiero decirles que muchas veces se quedar\u00e1n a la mitad del camino pero deben seguir adelante y la vida misma los impulsar\u00e1 a la meta\u201d, expres\u00f3.<\/p>\n<p style=\"text-align: justify;\">Parte del Comit\u00e9 Organizador de J\u00f3venes Promotores de la Soberan\u00eda Nacional, inform\u00f3 que la carrera tuvo un recorrido de tres kil\u00f3metros, se regalaron un total de 200 kits y se entregaron 350 medallas, y la convocatoria super\u00f3 las expectativas en la concentraci\u00f3n que se dio sobre la carretera federal Tlaxcala-Puebla frente a la UATx durante este domingo.<\/p>\n<p style=\"text-align: justify;\">La carrera, que recorri\u00f3 puntos simb\u00f3licos de la ciudad, incluy\u00f3 actividades recreativas entre participantes, familias y organizadores, reafirmando que Tlaxcala tiene juventud, talento, promueve el deporte y ganas de transformar su entorno como factores de cambio.<\/p>\n","protected":false},"excerpt":{"rendered":"<p>La carrera organizada por j\u00f3venes promotores de la Soberan\u00eda Nacional result\u00f3 todo un \u00e9xito con la participaci\u00f3n de casi 500 personas en Tlaxcala, cuyo invitado especial, el Diputado Federal con Licencia, Raymundo V\u00e1zquez Conchas, expres\u00f3 que la juventud es el \u00edmpetu de todo cambio en la sociedad. En el marco del mes de la Juventud, [&hellip;]<\/p>\n","protected":false},"author":5,"featured_media":83977,"comment_status":"open","ping_status":"open","sticky":false,"template":"","format":"standard","meta":{"footnotes":""},"categories":[7],"tags":[],"class_list":["post-83972","post","type-post","status-publish","format-standard","has-post-thumbnail","hentry","category-ciudadanos"],"amp_enabled":true,"_links":{"self":[{"href":"https:\/\/labestiapolitica.com.mx\/index.php?rest_route=\/wp\/v2\/posts\/83972","targetHints":{"allow":["GET"]}}],"collection":[{"href":"https:\/\/labestiapolitica.com.mx\/index.php?rest_route=\/wp\/v2\/posts"}],"about":[{"href":"https:\/\/labestiapolitica.com.mx\/index.php?rest_route=\/wp\/v2\/types\/post"}],"author":[{"embeddable":true,"href":"https:\/\/labestiapolitica.com.mx\/index.php?rest_route=\/wp\/v2\/users\/5"}],"replies":[{"embeddable":true,"href":"https:\/\/labestiapolitica.com.mx\/index.php?rest_route=%2Fwp%2Fv2%2Fcomments&post=83972"}],"version-history":[{"count":1,"href":"https:\/\/labestiapolitica.com.mx\/index.php?rest_route=\/wp\/v2\/posts\/83972\/revisions"}],"predecessor-version":[{"id":83978,"href":"https:\/\/labestiapolitica.com.mx\/index.php?rest_route=\/wp\/v2\/posts\/83972\/revisions\/83978"}],"wp:featuredmedia":[{"embeddable":true,"href":"https:\/\/labestiapolitica.com.mx\/index.php?rest_route=\/wp\/v2\/media\/83977"}],"wp:attachment":[{"href":"https:\/\/labestiapolitica.com.mx\/index.php?rest_route=%2Fwp%2Fv2%2Fmedia&parent=83972"}],"wp:term":[{"taxonomy":"category","embeddable":true,"href":"https:\/\/labestiapolitica.com.mx\/index.php?rest_route=%2Fwp%2Fv2%2Fcategories&post=83972"},{"taxonomy":"post_tag","embeddable":true,"href":"https:\/\/labestiapolitica.com.mx\/index.php?rest_route=%2Fwp%2Fv2%2Ftags&post=83972"}],"curies":[{"name":"wp","href":"https:\/\/api.w.org\/{rel}","templated":true}]}}