{"id":83979,"date":"2026-08-30T21:36:43","date_gmt":"2026-08-31T03:36:43","guid":{"rendered":"https:\/\/labestiapolitica.com.mx\/?p=83979"},"modified":"2026-08-30T21:36:43","modified_gmt":"2026-08-31T03:36:43","slug":"zacatelco-honra-a-domingo-arenas-y-reivindica-su-legado-agrario","status":"publish","type":"post","link":"https:\/\/labestiapolitica.com.mx\/?p=83979","title":{"rendered":"Zacatelco honra a Domingo Arenas y reivindica su legado agrario."},"content":{"rendered":"<p style=\"text-align: justify;\"><em><strong>Demian M\u00e1rquez<\/strong> <\/em>| El Ayuntamiento de Zacatelco, encabezado por el presidente municipal Miguel Acatzi Luna, conmemor\u00f3 el aniversario luctuoso del general Domingo Arenas P\u00e9rez, figura central de la lucha agraria en Tlaxcala, con una ceremonia c\u00edvica realizada en el municipio que lleva su nombre.<\/p>\n<p style=\"text-align: justify;\">Durante el acto se realizaron honores a la Bandera, se entonaron los himnos Nacional y de Tlaxcala y posteriormente autoridades municipales e invitados montaron una guardia de honor frente al monumento dedicado al revolucionario zacatelquense.<\/p>\n<p style=\"text-align: justify;\">Entre los asistentes destac\u00f3 la presencia del diputado local Emilio de la Pe\u00f1a Aponte, adem\u00e1s de integrantes del Cabildo, presidentes de comunidad y servidores p\u00fablicos.<\/p>\n<p style=\"text-align: justify;\">En su mensaje, Miguel Acatzi Luna sostuvo que recordar a Domingo Arenas implica mantener vigentes valores como la justicia social, la democracia, la unidad y la defensa de quienes trabajan la tierra.<\/p>\n<p style=\"text-align: justify;\">Se\u00f1al\u00f3 que el legado del general no debe limitarse a una fecha conmemorativa, sino traducirse en acciones que contribuyan al desarrollo y bienestar de las familias zacatelquenses.<\/p>\n<p style=\"text-align: justify;\">Durante la ceremonia tambi\u00e9n se destac\u00f3 que Arenas impuls\u00f3 el reparto agrario y busc\u00f3 mejorar las condiciones de las comunidades campesinas.<\/p>\n<p style=\"text-align: justify;\">El profesor Santos Portillo, director de Educaci\u00f3n municipal, expuso que su proyecto pol\u00edtico y social trascendi\u00f3 el reparto de tierras, pues tambi\u00e9n contemplaba organizaci\u00f3n comunitaria, acceso a semillas, maquinaria e insumos, as\u00ed como el fortalecimiento de la educaci\u00f3n.<\/p>\n<p style=\"text-align: justify;\">El investigador plante\u00f3 adem\u00e1s la necesidad de que el legado hist\u00f3rico de Zacatelco sea reconocido mediante nuevas acciones institucionales, entre ellas impulsar que el municipio sea declarado oficialmente como \u201cZacatelco de Domingo Arenas\u201d, as\u00ed como promover una estatua dedicada al general y gestionar el reconocimiento del centro hist\u00f3rico.<\/p>\n<p style=\"text-align: justify;\">El acto concluy\u00f3 con un minuto de silencio y posteriormente un aplauso en memoria de Domingo Arenas P\u00e9rez, seguido de la guardia de honor y los respectivos honores militares. Autoridades coincidieron en que preservar la memoria del revolucionario tambi\u00e9n representa una responsabilidad para las nuevas generaciones.<\/p>\n<p style=\"text-align: justify;\">Con esta ceremonia, el gobierno municipal refrend\u00f3 su intenci\u00f3n de mantener presente la figura de Domingo Arenas como parte de la identidad hist\u00f3rica de Zacatelco y como referente de la lucha por la tierra, la justicia y mejores condiciones para las comunidades.<\/p>\n","protected":false},"excerpt":{"rendered":"<p>Demian M\u00e1rquez | El Ayuntamiento de Zacatelco, encabezado por el presidente municipal Miguel Acatzi Luna, conmemor\u00f3 el aniversario luctuoso del general Domingo Arenas P\u00e9rez, figura central de la lucha agraria en Tlaxcala, con una ceremonia c\u00edvica realizada en el municipio que lleva su nombre. Durante el acto se realizaron honores a la Bandera, se entonaron [&hellip;]<\/p>\n","protected":false},"author":5,"featured_media":83980,"comment_status":"open","ping_status":"open","sticky":false,"template":"","format":"standard","meta":{"footnotes":""},"categories":[3,216,217],"tags":[],"class_list":["post-83979","post","type-post","status-publish","format-standard","has-post-thumbnail","hentry","category-8-columnas","category-municipios","category-zacatelco"],"amp_enabled":true,"_links":{"self":[{"href":"https:\/\/labestiapolitica.com.mx\/index.php?rest_route=\/wp\/v2\/posts\/83979","targetHints":{"allow":["GET"]}}],"collection":[{"href":"https:\/\/labestiapolitica.com.mx\/index.php?rest_route=\/wp\/v2\/posts"}],"about":[{"href":"https:\/\/labestiapolitica.com.mx\/index.php?rest_route=\/wp\/v2\/types\/post"}],"author":[{"embeddable":true,"href":"https:\/\/labestiapolitica.com.mx\/index.php?rest_route=\/wp\/v2\/users\/5"}],"replies":[{"embeddable":true,"href":"https:\/\/labestiapolitica.com.mx\/index.php?rest_route=%2Fwp%2Fv2%2Fcomments&post=83979"}],"version-history":[{"count":1,"href":"https:\/\/labestiapolitica.com.mx\/index.php?rest_route=\/wp\/v2\/posts\/83979\/revisions"}],"predecessor-version":[{"id":83981,"href":"https:\/\/labestiapolitica.com.mx\/index.php?rest_route=\/wp\/v2\/posts\/83979\/revisions\/83981"}],"wp:featuredmedia":[{"embeddable":true,"href":"https:\/\/labestiapolitica.com.mx\/index.php?rest_route=\/wp\/v2\/media\/83980"}],"wp:attachment":[{"href":"https:\/\/labestiapolitica.com.mx\/index.php?rest_route=%2Fwp%2Fv2%2Fmedia&parent=83979"}],"wp:term":[{"taxonomy":"category","embeddable":true,"href":"https:\/\/labestiapolitica.com.mx\/index.php?rest_route=%2Fwp%2Fv2%2Fcategories&post=83979"},{"taxonomy":"post_tag","embeddable":true,"href":"https:\/\/labestiapolitica.com.mx\/index.php?rest_route=%2Fwp%2Fv2%2Ftags&post=83979"}],"curies":[{"name":"wp","href":"https:\/\/api.w.org\/{rel}","templated":true}]}}