{"id":83982,"date":"2026-08-30T21:40:19","date_gmt":"2026-08-31T03:40:19","guid":{"rendered":"https:\/\/labestiapolitica.com.mx\/?p=83982"},"modified":"2026-08-30T21:40:19","modified_gmt":"2026-08-31T03:40:19","slug":"vive-apizaco-con-exito-la-primera-novillada-de-la-2-a-edicion-de-la-copa-pana","status":"publish","type":"post","link":"https:\/\/labestiapolitica.com.mx\/?p=83982","title":{"rendered":"Vive Apizaco con \u00e9xito la primera novillada de la 2.\u00aa edici\u00f3n de la \u00abCopa Pana\u00bb."},"content":{"rendered":"<ul>\n<li style=\"text-align: justify;\">\u200bEl certamen rinde homenaje a Rodolfo Rodr\u00edguez \u00abEl Pana\u00bb y se desarrolla en la Monumental Plaza de Toros de Apizaco.<\/li>\n<\/ul>\n<p style=\"text-align: justify;\">En un ambiente lleno de pasi\u00f3n taurina, tradici\u00f3n y acompa\u00f1amiento de la afici\u00f3n, el Gobierno Municipal de Apizaco celebr\u00f3 el inicio de la 2.\u00aa edici\u00f3n de la \u00abCopa Pana\u00bb en la Monumental Plaza de Toros Rodolfo Rodr\u00edguez \u201cEl Pana\u201d, certamen impulsado bajo la iniciativa del Primer Regidor, David Morales Hern\u00e1ndez, para honrar la memoria del legendario torero apizaquense y brindar un escenario de proyecci\u00f3n a los nuevos valores de la tauromaquia.<\/p>\n<p style=\"text-align: justify;\">\u200bEn esta primera novillada se vivi\u00f3 una jornada de gran entrega por parte de los j\u00f3venes, arrojando los siguientes resultados:<\/p>\n<p style=\"text-align: justify;\">*\u200bOmar Mora (Tlaxcala): Ovaci\u00f3n en el tercio tras aviso.<\/p>\n<p style=\"text-align: justify;\">*\u200bVladimir D\u00edaz (Michoac\u00e1n): Ovaci\u00f3n en la vuelta al ruedo tras aviso y arrastre lento al gran novillo de la ganader\u00eda De Haro.<\/p>\n<p style=\"text-align: justify;\">*\u200bJulio Ventura \u00abVenturita\u00bb (Yucat\u00e1n): Oreja tras una destacada faena, con palmas al novillo en el arrastre.<\/p>\n<p style=\"text-align: justify;\">\u200bAntonio Pel\u00e1ez (Tlaxcala): Palmas tras escuchar dos avisos.<\/p>\n<p style=\"text-align: justify;\">\u200bEl Presidente Municipal, Javier Rivera Bonilla, destac\u00f3 la calidad del festejo y enfatiz\u00f3 que la Copa Pana no solo fortalece la identidad e historia rielera como cuna del toreo en M\u00e9xico, sino que representa un motor dinamizador para el comercio, la hoteler\u00eda y los servicios de Apizaco gracias a la llegada de visitantes.<\/p>\n<p style=\"text-align: justify;\">\u200bCon este arranque exitoso, el Ayuntamiento de Apizaco ratifica su respaldo a la cultura taurina, la promoci\u00f3n del talento juvenil y el impulso al turismo local.<\/p>\n","protected":false},"excerpt":{"rendered":"<p>\u200bEl certamen rinde homenaje a Rodolfo Rodr\u00edguez \u00abEl Pana\u00bb y se desarrolla en la Monumental Plaza de Toros de Apizaco. En un ambiente lleno de pasi\u00f3n taurina, tradici\u00f3n y acompa\u00f1amiento de la afici\u00f3n, el Gobierno Municipal de Apizaco celebr\u00f3 el inicio de la 2.\u00aa edici\u00f3n de la \u00abCopa Pana\u00bb en la Monumental Plaza de Toros [&hellip;]<\/p>\n","protected":false},"author":5,"featured_media":83983,"comment_status":"open","ping_status":"open","sticky":false,"template":"","format":"standard","meta":{"footnotes":""},"categories":[226,216],"tags":[],"class_list":["post-83982","post","type-post","status-publish","format-standard","has-post-thumbnail","hentry","category-apizaco","category-municipios"],"amp_enabled":true,"_links":{"self":[{"href":"https:\/\/labestiapolitica.com.mx\/index.php?rest_route=\/wp\/v2\/posts\/83982","targetHints":{"allow":["GET"]}}],"collection":[{"href":"https:\/\/labestiapolitica.com.mx\/index.php?rest_route=\/wp\/v2\/posts"}],"about":[{"href":"https:\/\/labestiapolitica.com.mx\/index.php?rest_route=\/wp\/v2\/types\/post"}],"author":[{"embeddable":true,"href":"https:\/\/labestiapolitica.com.mx\/index.php?rest_route=\/wp\/v2\/users\/5"}],"replies":[{"embeddable":true,"href":"https:\/\/labestiapolitica.com.mx\/index.php?rest_route=%2Fwp%2Fv2%2Fcomments&post=83982"}],"version-history":[{"count":1,"href":"https:\/\/labestiapolitica.com.mx\/index.php?rest_route=\/wp\/v2\/posts\/83982\/revisions"}],"predecessor-version":[{"id":83984,"href":"https:\/\/labestiapolitica.com.mx\/index.php?rest_route=\/wp\/v2\/posts\/83982\/revisions\/83984"}],"wp:featuredmedia":[{"embeddable":true,"href":"https:\/\/labestiapolitica.com.mx\/index.php?rest_route=\/wp\/v2\/media\/83983"}],"wp:attachment":[{"href":"https:\/\/labestiapolitica.com.mx\/index.php?rest_route=%2Fwp%2Fv2%2Fmedia&parent=83982"}],"wp:term":[{"taxonomy":"category","embeddable":true,"href":"https:\/\/labestiapolitica.com.mx\/index.php?rest_route=%2Fwp%2Fv2%2Fcategories&post=83982"},{"taxonomy":"post_tag","embeddable":true,"href":"https:\/\/labestiapolitica.com.mx\/index.php?rest_route=%2Fwp%2Fv2%2Ftags&post=83982"}],"curies":[{"name":"wp","href":"https:\/\/api.w.org\/{rel}","templated":true}]}}