{"id":83985,"date":"2026-08-30T21:49:25","date_gmt":"2026-08-31T03:49:25","guid":{"rendered":"https:\/\/labestiapolitica.com.mx\/?p=83985"},"modified":"2026-08-30T21:49:25","modified_gmt":"2026-08-31T03:49:25","slug":"zacatelco-reforzara-seguridad-en-el-campo-ante-robo-de-cosechas-miguel-acatzi","status":"publish","type":"post","link":"https:\/\/labestiapolitica.com.mx\/?p=83985","title":{"rendered":"Zacatelco reforzar\u00e1 seguridad en el campo ante robo de cosechas: Miguel Acatzi."},"content":{"rendered":"<p style=\"text-align: justify;\"><em><strong>Demian M\u00e1rquez<\/strong> <\/em>| Tras encabezar la conmemoraci\u00f3n del aniversario luctuoso del general Domingo Arenas, el presidente municipal de Zacatelco, Miguel Acatzi Luna, afirm\u00f3 que su administraci\u00f3n busca fortalecer el trabajo coordinado con el sector campesino y dejar atr\u00e1s el abandono que, dijo, durante a\u00f1os ha afectado a quienes trabajan las tierras del municipio.<\/p>\n<p style=\"text-align: justify;\">El alcalde se\u00f1al\u00f3 que existe comunicaci\u00f3n con el comisariado ejidal, representantes de la peque\u00f1a propiedad y productores locales, con el objetivo de atender de manera directa las necesidades del campo.<\/p>\n<p style=\"text-align: justify;\">Agreg\u00f3 que la regidora Alejandra Arenas mantiene acercamiento con los campesinos para dar seguimiento a sus principales demandas.<\/p>\n<p style=\"text-align: justify;\">Uno de los temas que preocupa actualmente es el robo de cosechas, particularmente en maizales, situaci\u00f3n que ha generado afectaciones econ\u00f3micas para los productores.<\/p>\n<p style=\"text-align: justify;\">Ante ello, Acatzi Luna asegur\u00f3 que el gobierno municipal ha decidido reforzar la vigilancia en las zonas agr\u00edcolas.<\/p>\n<p style=\"text-align: justify;\">El presidente municipal inform\u00f3 que recientemente la Polic\u00eda Municipal logr\u00f3 detener a una persona presuntamente relacionada con el robo de elotes, como parte de los recorridos implementados en las \u00e1reas de cultivo.<\/p>\n<p style=\"text-align: justify;\">Sin embargo, aclar\u00f3 que las acciones de seguridad no se limitar\u00e1n a este tipo de delitos.<\/p>\n<p style=\"text-align: justify;\">\u201cHoy estamos buscando c\u00f3mo reforzar esas medidas de protecci\u00f3n y de seguridad\u201d, sostuvo el alcalde, al se\u00f1alar que tambi\u00e9n se han registrado otros hechos delictivos que afectan directamente a los campesinos.<\/p>\n<p style=\"text-align: justify;\">Miguel Acatzi Luna asegur\u00f3 que los operativos continuar\u00e1n de manera constante para prevenir nuevos robos y proteger tanto las cosechas como el patrimonio de los productores.<\/p>\n<p style=\"text-align: justify;\">El objetivo, dijo, es que quienes trabajan el campo puedan realizar sus actividades con mayor tranquilidad y respaldo de las autoridades municipales.<\/p>\n","protected":false},"excerpt":{"rendered":"<p>Demian M\u00e1rquez | Tras encabezar la conmemoraci\u00f3n del aniversario luctuoso del general Domingo Arenas, el presidente municipal de Zacatelco, Miguel Acatzi Luna, afirm\u00f3 que su administraci\u00f3n busca fortalecer el trabajo coordinado con el sector campesino y dejar atr\u00e1s el abandono que, dijo, durante a\u00f1os ha afectado a quienes trabajan las tierras del municipio. El alcalde [&hellip;]<\/p>\n","protected":false},"author":5,"featured_media":83986,"comment_status":"open","ping_status":"open","sticky":false,"template":"","format":"standard","meta":{"footnotes":""},"categories":[216,217],"tags":[],"class_list":["post-83985","post","type-post","status-publish","format-standard","has-post-thumbnail","hentry","category-municipios","category-zacatelco"],"amp_enabled":true,"_links":{"self":[{"href":"https:\/\/labestiapolitica.com.mx\/index.php?rest_route=\/wp\/v2\/posts\/83985","targetHints":{"allow":["GET"]}}],"collection":[{"href":"https:\/\/labestiapolitica.com.mx\/index.php?rest_route=\/wp\/v2\/posts"}],"about":[{"href":"https:\/\/labestiapolitica.com.mx\/index.php?rest_route=\/wp\/v2\/types\/post"}],"author":[{"embeddable":true,"href":"https:\/\/labestiapolitica.com.mx\/index.php?rest_route=\/wp\/v2\/users\/5"}],"replies":[{"embeddable":true,"href":"https:\/\/labestiapolitica.com.mx\/index.php?rest_route=%2Fwp%2Fv2%2Fcomments&post=83985"}],"version-history":[{"count":1,"href":"https:\/\/labestiapolitica.com.mx\/index.php?rest_route=\/wp\/v2\/posts\/83985\/revisions"}],"predecessor-version":[{"id":83987,"href":"https:\/\/labestiapolitica.com.mx\/index.php?rest_route=\/wp\/v2\/posts\/83985\/revisions\/83987"}],"wp:featuredmedia":[{"embeddable":true,"href":"https:\/\/labestiapolitica.com.mx\/index.php?rest_route=\/wp\/v2\/media\/83986"}],"wp:attachment":[{"href":"https:\/\/labestiapolitica.com.mx\/index.php?rest_route=%2Fwp%2Fv2%2Fmedia&parent=83985"}],"wp:term":[{"taxonomy":"category","embeddable":true,"href":"https:\/\/labestiapolitica.com.mx\/index.php?rest_route=%2Fwp%2Fv2%2Fcategories&post=83985"},{"taxonomy":"post_tag","embeddable":true,"href":"https:\/\/labestiapolitica.com.mx\/index.php?rest_route=%2Fwp%2Fv2%2Ftags&post=83985"}],"curies":[{"name":"wp","href":"https:\/\/api.w.org\/{rel}","templated":true}]}}