{"id":83988,"date":"2026-08-30T21:53:56","date_gmt":"2026-08-31T03:53:56","guid":{"rendered":"https:\/\/labestiapolitica.com.mx\/?p=83988"},"modified":"2026-08-30T21:53:56","modified_gmt":"2026-08-31T03:53:56","slug":"los-angeles-azules-ponen-a-bailar-a-huamantla-en-una-noche-inolvidable-de-feria","status":"publish","type":"post","link":"https:\/\/labestiapolitica.com.mx\/?p=83988","title":{"rendered":"Los \u00c1ngeles Azules ponen a bailar a Huamantla en una noche inolvidable de feria."},"content":{"rendered":"<p style=\"text-align: justify;\">La m\u00fasica, el baile y la alegr\u00eda se hicieron presentes en una de las noches m\u00e1s esperadas de la Feria Internacional del Arte Ef\u00edmero y de la Dalia, con la presentaci\u00f3n de Los \u00c1ngeles Azules, quienes hicieron vibrar a huamantlecos y visitantes con su inconfundible estilo.<\/p>\n<p style=\"text-align: justify;\">Desde el inicio de la presentaci\u00f3n, el p\u00fablico respondi\u00f3 con entusiasmo y convirti\u00f3 el recinto en una gran pista de baile, disfrutando y cantando algunos de los temas m\u00e1s emblem\u00e1ticos de la agrupaci\u00f3n.<\/p>\n<p style=\"text-align: justify;\">La noche transcurri\u00f3 en un ambiente festivo y familiar, donde las familias, amigos y visitantes se reunieron para disfrutar de una de las agrupaciones m\u00e1s representativas de la cumbia mexicana, que con su m\u00fasica puso a bailar a generaciones enteras.<\/p>\n<p style=\"text-align: justify;\">Con este espect\u00e1culo, la Feria Internacional del Arte Ef\u00edmero y de la Dalia contin\u00faa consolid\u00e1ndose como un espacio de encuentro y celebraci\u00f3n, con una programaci\u00f3n que re\u00fane m\u00fasica, cultura, tradiciones y entretenimiento para todos.<\/p>\n<p style=\"text-align: justify;\">El Gobierno Municipal que preside Salvador Santos Cedillo refrenda su apuesta por ofrecer actividades de calidad para las familias y visitantes, fortaleciendo a Huamantla como un destino que vive sus tradiciones y disfruta grandes espect\u00e1culos.<\/p>\n<p style=\"text-align: justify;\">La noche con Los \u00c1ngeles Azules quedar\u00e1 como uno de los momentos m\u00e1s alegres de esta edici\u00f3n de la feria, demostrando que cuando la m\u00fasica comienza, Huamantla sabe c\u00f3mo celebrar.<\/p>\n","protected":false},"excerpt":{"rendered":"<p>La m\u00fasica, el baile y la alegr\u00eda se hicieron presentes en una de las noches m\u00e1s esperadas de la Feria Internacional del Arte Ef\u00edmero y de la Dalia, con la presentaci\u00f3n de Los \u00c1ngeles Azules, quienes hicieron vibrar a huamantlecos y visitantes con su inconfundible estilo. Desde el inicio de la presentaci\u00f3n, el p\u00fablico respondi\u00f3 [&hellip;]<\/p>\n","protected":false},"author":5,"featured_media":83989,"comment_status":"open","ping_status":"open","sticky":false,"template":"","format":"standard","meta":{"footnotes":""},"categories":[220,216],"tags":[],"class_list":["post-83988","post","type-post","status-publish","format-standard","has-post-thumbnail","hentry","category-huamantla","category-municipios"],"amp_enabled":true,"_links":{"self":[{"href":"https:\/\/labestiapolitica.com.mx\/index.php?rest_route=\/wp\/v2\/posts\/83988","targetHints":{"allow":["GET"]}}],"collection":[{"href":"https:\/\/labestiapolitica.com.mx\/index.php?rest_route=\/wp\/v2\/posts"}],"about":[{"href":"https:\/\/labestiapolitica.com.mx\/index.php?rest_route=\/wp\/v2\/types\/post"}],"author":[{"embeddable":true,"href":"https:\/\/labestiapolitica.com.mx\/index.php?rest_route=\/wp\/v2\/users\/5"}],"replies":[{"embeddable":true,"href":"https:\/\/labestiapolitica.com.mx\/index.php?rest_route=%2Fwp%2Fv2%2Fcomments&post=83988"}],"version-history":[{"count":1,"href":"https:\/\/labestiapolitica.com.mx\/index.php?rest_route=\/wp\/v2\/posts\/83988\/revisions"}],"predecessor-version":[{"id":83990,"href":"https:\/\/labestiapolitica.com.mx\/index.php?rest_route=\/wp\/v2\/posts\/83988\/revisions\/83990"}],"wp:featuredmedia":[{"embeddable":true,"href":"https:\/\/labestiapolitica.com.mx\/index.php?rest_route=\/wp\/v2\/media\/83989"}],"wp:attachment":[{"href":"https:\/\/labestiapolitica.com.mx\/index.php?rest_route=%2Fwp%2Fv2%2Fmedia&parent=83988"}],"wp:term":[{"taxonomy":"category","embeddable":true,"href":"https:\/\/labestiapolitica.com.mx\/index.php?rest_route=%2Fwp%2Fv2%2Fcategories&post=83988"},{"taxonomy":"post_tag","embeddable":true,"href":"https:\/\/labestiapolitica.com.mx\/index.php?rest_route=%2Fwp%2Fv2%2Ftags&post=83988"}],"curies":[{"name":"wp","href":"https:\/\/api.w.org\/{rel}","templated":true}]}}