{"id":83991,"date":"2026-08-30T21:57:48","date_gmt":"2026-08-31T03:57:48","guid":{"rendered":"https:\/\/labestiapolitica.com.mx\/?p=83991"},"modified":"2026-08-30T21:57:48","modified_gmt":"2026-08-31T03:57:48","slug":"recibe-ana-lilia-rivera-baston-de-mando-de-pueblos-originarios-e-indigenas-de-tlaxcala","status":"publish","type":"post","link":"https:\/\/labestiapolitica.com.mx\/?p=83991","title":{"rendered":"Recibe Ana Lilia Rivera bast\u00f3n de mando de pueblos originarios e ind\u00edgenas de Tlaxcala."},"content":{"rendered":"<ul>\n<li style=\"text-align: justify;\">En un acto ceremonial de profundo significado comunitario, representantes de pueblos originarios expresaron su confianza y respaldo a la senadora con licencia para encabezar la Coordinaci\u00f3n en Defensa de la Cuarta Transformaci\u00f3n y la Soberan\u00eda en Tlaxcala.<\/li>\n<li style=\"text-align: justify;\">Ana Lilia Rivera recibe confianza, respaldo y la responsabilidad de caminar junto al pueblo de Tlaxcala.<\/li>\n<\/ul>\n<p style=\"text-align: justify;\">En un encuentro marcado por la identidad, la memoria hist\u00f3rica y las ra\u00edces ind\u00edgenas de Tlaxcala, presidentes y representantes de pueblos originarios y comunidades ind\u00edgenas de San Juan Totolac entregaron este domingo el bast\u00f3n de mando a Ana Lilia Rivera Rivera, como s\u00edmbolo de confianza, reconocimiento y respaldo a su trayectoria.<\/p>\n<p style=\"text-align: justify;\">La ceremonia se llev\u00f3 a cabo en el marco de la conmemoraci\u00f3n de los pueblos y comunidades originarias, donde autoridades y representantes comunitarios participaron en un ritual ind\u00edgena que puso en el centro la memoria, la identidad, las tradiciones y el profundo sentido de pertenencia que distingue a estas comunidades.<\/p>\n<p style=\"text-align: justify;\">Durante el acto, la entrega del bast\u00f3n de mando represent\u00f3 una expresi\u00f3n de confianza comunitaria hacia Ana Lilia Rivera y un reconocimiento a una trayectoria caracterizada por su cercan\u00eda con las comunidades, as\u00ed como por la defensa de las ra\u00edces, los saberes y las tradiciones de los pueblos originarios de Tlaxcala.<\/p>\n<p style=\"text-align: justify;\">Los participantes expresaron adem\u00e1s su confianza en que la senadora con licencia pueda encabezar la Coordinaci\u00f3n en Defensa de la Cuarta Transformaci\u00f3n y la Soberan\u00eda en Tlaxcala, destacando la importancia de mantener un v\u00ednculo permanente con el territorio y con las comunidades.<\/p>\n<p style=\"text-align: justify;\">Ana Lilia Rivera agradeci\u00f3 la invitaci\u00f3n y el profundo significado de la ceremonia. Se\u00f1al\u00f3 que recibir un bast\u00f3n de mando implica, ante todo, respeto hacia las comunidades que lo entregan y la responsabilidad de honrar la confianza depositada en ella. Destac\u00f3 que este s\u00edmbolo representa el compromiso de caminar junto al pueblo, escuchar sus necesidades, respetar su palabra y mantener vivas las ra\u00edces que dan identidad a Tlaxcala.<\/p>\n<p style=\"text-align: justify;\">En su reflexi\u00f3n, Rivera Rivera sostuvo que los pueblos originarios no representan \u00fanicamente la memoria hist\u00f3rica del estado, sino una fuerza viva y fundamental para la construcci\u00f3n de su presente y su futuro, por lo que reconoci\u00f3 la importancia de preservar sus tradiciones, conocimientos comunitarios y formas de organizaci\u00f3n.<\/p>\n<p style=\"text-align: justify;\">El encuentro adquiri\u00f3 un significado especial al realizarse en San Juan Totolac, territorio profundamente vinculado con la historia prehisp\u00e1nica de Tlaxcala. En el \u00e1rea que actualmente comprende este municipio se establecieron Tepeticpac, Ocotelulco y Quiahuixtl\u00e1n, tres de las cuatro principales cabeceras de la antigua organizaci\u00f3n pol\u00edtica tlaxcalteca, junto con Tizatl\u00e1n.<\/p>\n<p style=\"text-align: justify;\">El encuentro concluy\u00f3 con un mensaje de unidad, respeto y reconocimiento a las comunidades originarias e ind\u00edgenas, reafirmando la importancia de preservar la memoria de los pueblos que dieron origen a Tlaxcala, mantener vivas sus tradiciones y reconocer su participaci\u00f3n como parte fundamental del presente y del futuro del estado.<\/p>\n","protected":false},"excerpt":{"rendered":"<p>En un acto ceremonial de profundo significado comunitario, representantes de pueblos originarios expresaron su confianza y respaldo a la senadora con licencia para encabezar la Coordinaci\u00f3n en Defensa de la Cuarta Transformaci\u00f3n y la Soberan\u00eda en Tlaxcala. Ana Lilia Rivera recibe confianza, respaldo y la responsabilidad de caminar junto al pueblo de Tlaxcala. En un [&hellip;]<\/p>\n","protected":false},"author":5,"featured_media":83992,"comment_status":"open","ping_status":"open","sticky":false,"template":"","format":"standard","meta":{"footnotes":""},"categories":[7],"tags":[],"class_list":["post-83991","post","type-post","status-publish","format-standard","has-post-thumbnail","hentry","category-ciudadanos"],"amp_enabled":true,"_links":{"self":[{"href":"https:\/\/labestiapolitica.com.mx\/index.php?rest_route=\/wp\/v2\/posts\/83991","targetHints":{"allow":["GET"]}}],"collection":[{"href":"https:\/\/labestiapolitica.com.mx\/index.php?rest_route=\/wp\/v2\/posts"}],"about":[{"href":"https:\/\/labestiapolitica.com.mx\/index.php?rest_route=\/wp\/v2\/types\/post"}],"author":[{"embeddable":true,"href":"https:\/\/labestiapolitica.com.mx\/index.php?rest_route=\/wp\/v2\/users\/5"}],"replies":[{"embeddable":true,"href":"https:\/\/labestiapolitica.com.mx\/index.php?rest_route=%2Fwp%2Fv2%2Fcomments&post=83991"}],"version-history":[{"count":1,"href":"https:\/\/labestiapolitica.com.mx\/index.php?rest_route=\/wp\/v2\/posts\/83991\/revisions"}],"predecessor-version":[{"id":83993,"href":"https:\/\/labestiapolitica.com.mx\/index.php?rest_route=\/wp\/v2\/posts\/83991\/revisions\/83993"}],"wp:featuredmedia":[{"embeddable":true,"href":"https:\/\/labestiapolitica.com.mx\/index.php?rest_route=\/wp\/v2\/media\/83992"}],"wp:attachment":[{"href":"https:\/\/labestiapolitica.com.mx\/index.php?rest_route=%2Fwp%2Fv2%2Fmedia&parent=83991"}],"wp:term":[{"taxonomy":"category","embeddable":true,"href":"https:\/\/labestiapolitica.com.mx\/index.php?rest_route=%2Fwp%2Fv2%2Fcategories&post=83991"},{"taxonomy":"post_tag","embeddable":true,"href":"https:\/\/labestiapolitica.com.mx\/index.php?rest_route=%2Fwp%2Fv2%2Ftags&post=83991"}],"curies":[{"name":"wp","href":"https:\/\/api.w.org\/{rel}","templated":true}]}}