{"id":83994,"date":"2026-08-30T22:00:01","date_gmt":"2026-08-31T04:00:01","guid":{"rendered":"https:\/\/labestiapolitica.com.mx\/?p=83994"},"modified":"2026-08-30T22:00:01","modified_gmt":"2026-08-31T04:00:01","slug":"ayuntamiento-de-tlaxcala-acercara-servicios-de-salud-animal-a-san-gabriel-cuauhtla-y-tizatlan-en-septiembre","status":"publish","type":"post","link":"https:\/\/labestiapolitica.com.mx\/?p=83994","title":{"rendered":"Ayuntamiento de Tlaxcala acercar\u00e1 servicios de salud animal a San Gabriel Cuauhtla y Tizatl\u00e1n en septiembre."},"content":{"rendered":"<p style=\"text-align: justify;\">El Ayuntamiento de Tlaxcala, a trav\u00e9s del \u00e1rea de Bienestar Animal, en colaboraci\u00f3n con la Secretar\u00eda de Salud (SESA) y la Coordinaci\u00f3n Estatal de Epidemiolog\u00eda del Departamento de Zoonosis, llevar\u00e1 a cabo una nueva jornada de atenci\u00f3n para perros y gatos, con servicios de esterilizaci\u00f3n, vacunaci\u00f3n antirr\u00e1bica y ectodesparasitaci\u00f3n en Tizatl\u00e1n y San Gabriel Cuauhtla en septiembre.<\/p>\n<p style=\"text-align: justify;\">Como parte de las acciones institucionales para fortalecer la prevenci\u00f3n y el bienestar animal, esta campa\u00f1a se desarrollar\u00e1 en estas dos comunidades del municipio, con el prop\u00f3sito de acercar servicios gratuitos a las familias y contribuir al cuidado responsable de los animales de compa\u00f1\u00eda, adem\u00e1s de prevenir riesgos asociados a enfermedades zoon\u00f3ticas.<\/p>\n<p style=\"text-align: justify;\">La primera jornada tendr\u00e1 lugar el 2 de septiembre en San Gabriel Cuauhtla, con sede en la presidencia de comunidad; mientras que el 3 de septiembre se realizar\u00e1 en San Esteban Tizatl\u00e1n, a un costado de la iglesia. En ambos lugares se distribuir\u00e1n 50 fichas a partir de las 8:00 horas, por lo que se recomienda a las personas interesadas acudir con anticipaci\u00f3n.<\/p>\n<p style=\"text-align: justify;\">Esta estrategia de bienestar animal, impulsada durante la administraci\u00f3n del ahora alcalde con licencia Alfonso S\u00e1nchez Garc\u00eda, tiene hoy continuidad bajo el gobierno del presidente municipal Carlos L\u00f3pez Su\u00e1rez, lo que consolida una acci\u00f3n que se traduce en una promesa cumplida y en beneficios que llegan directamente a las comunidades.<\/p>\n<p style=\"text-align: justify;\">La administraci\u00f3n municipal exhorta a la poblaci\u00f3n a mantenerse atenta a la informaci\u00f3n sobre esta campa\u00f1a en las redes sociales institucionales y a participar responsablemente en estas jornadas.<\/p>\n","protected":false},"excerpt":{"rendered":"<p>El Ayuntamiento de Tlaxcala, a trav\u00e9s del \u00e1rea de Bienestar Animal, en colaboraci\u00f3n con la Secretar\u00eda de Salud (SESA) y la Coordinaci\u00f3n Estatal de Epidemiolog\u00eda del Departamento de Zoonosis, llevar\u00e1 a cabo una nueva jornada de atenci\u00f3n para perros y gatos, con servicios de esterilizaci\u00f3n, vacunaci\u00f3n antirr\u00e1bica y ectodesparasitaci\u00f3n en Tizatl\u00e1n y San Gabriel Cuauhtla [&hellip;]<\/p>\n","protected":false},"author":5,"featured_media":83995,"comment_status":"open","ping_status":"open","sticky":false,"template":"","format":"standard","meta":{"footnotes":""},"categories":[216,214],"tags":[],"class_list":["post-83994","post","type-post","status-publish","format-standard","has-post-thumbnail","hentry","category-municipios","category-tlaxcala-capital"],"amp_enabled":true,"_links":{"self":[{"href":"https:\/\/labestiapolitica.com.mx\/index.php?rest_route=\/wp\/v2\/posts\/83994","targetHints":{"allow":["GET"]}}],"collection":[{"href":"https:\/\/labestiapolitica.com.mx\/index.php?rest_route=\/wp\/v2\/posts"}],"about":[{"href":"https:\/\/labestiapolitica.com.mx\/index.php?rest_route=\/wp\/v2\/types\/post"}],"author":[{"embeddable":true,"href":"https:\/\/labestiapolitica.com.mx\/index.php?rest_route=\/wp\/v2\/users\/5"}],"replies":[{"embeddable":true,"href":"https:\/\/labestiapolitica.com.mx\/index.php?rest_route=%2Fwp%2Fv2%2Fcomments&post=83994"}],"version-history":[{"count":1,"href":"https:\/\/labestiapolitica.com.mx\/index.php?rest_route=\/wp\/v2\/posts\/83994\/revisions"}],"predecessor-version":[{"id":83996,"href":"https:\/\/labestiapolitica.com.mx\/index.php?rest_route=\/wp\/v2\/posts\/83994\/revisions\/83996"}],"wp:featuredmedia":[{"embeddable":true,"href":"https:\/\/labestiapolitica.com.mx\/index.php?rest_route=\/wp\/v2\/media\/83995"}],"wp:attachment":[{"href":"https:\/\/labestiapolitica.com.mx\/index.php?rest_route=%2Fwp%2Fv2%2Fmedia&parent=83994"}],"wp:term":[{"taxonomy":"category","embeddable":true,"href":"https:\/\/labestiapolitica.com.mx\/index.php?rest_route=%2Fwp%2Fv2%2Fcategories&post=83994"},{"taxonomy":"post_tag","embeddable":true,"href":"https:\/\/labestiapolitica.com.mx\/index.php?rest_route=%2Fwp%2Fv2%2Ftags&post=83994"}],"curies":[{"name":"wp","href":"https:\/\/api.w.org\/{rel}","templated":true}]}}