{"id":83997,"date":"2026-08-30T22:03:32","date_gmt":"2026-08-31T04:03:32","guid":{"rendered":"https:\/\/labestiapolitica.com.mx\/?p=83997"},"modified":"2026-08-30T22:03:32","modified_gmt":"2026-08-31T04:03:32","slug":"con-actividades-como-caminar-correr-y-convivir-se-viven-los-domingos-en-muevete-tlaxcala","status":"publish","type":"post","link":"https:\/\/labestiapolitica.com.mx\/?p=83997","title":{"rendered":"Con actividades como caminar, correr y convivir se viven los domingos en \u201cMu\u00e9vete Tlaxcala\u201d."},"content":{"rendered":"<p style=\"text-align: justify;\">Con la participaci\u00f3n de familias y personas de todas las edades, \u201cMu\u00e9vete Tlaxcala\u201d mantiene cada domingo el movimiento en las calles de la capital, donde la ciudadan\u00eda encuentra un espacio para ejercitarse, convivir y apropiarse de los espacios p\u00fablicos, en continuidad a una iniciativa impulsada durante la administraci\u00f3n del ahora alcalde con licencia, Alfonso S\u00e1nchez Garc\u00eda.<\/p>\n<p style=\"text-align: justify;\">Sin importar la edad, condici\u00f3n f\u00edsica o la manera de recorrer el circuito, cada domingo los participantes encuentran una alternativa para mantenerse activos y, al mismo tiempo, disfrutar de la ciudad.<\/p>\n<p style=\"text-align: justify;\">Para algunos representa una oportunidad para ejercitarse; para otros, un momento para convivir en familia, salir con amigos o simplemente recorrer Tlaxcala de una manera diferente.<\/p>\n<p style=\"text-align: justify;\">Con el paso de las ediciones, Mu\u00e9vete Tlaxcala se ha consolidado como un punto de encuentro que fomenta la convivencia y fortalece la relaci\u00f3n de la ciudadan\u00eda con sus espacios p\u00fablicos.<\/p>\n<p style=\"text-align: justify;\">La continuidad del programa en la administraci\u00f3n de Carlos L\u00f3pez Su\u00e1rez refleja el compromiso del Ayuntamiento de Tlaxcala con pol\u00edticas que favorecen el bienestar de los habitantes.<\/p>\n","protected":false},"excerpt":{"rendered":"<p>Con la participaci\u00f3n de familias y personas de todas las edades, \u201cMu\u00e9vete Tlaxcala\u201d mantiene cada domingo el movimiento en las calles de la capital, donde la ciudadan\u00eda encuentra un espacio para ejercitarse, convivir y apropiarse de los espacios p\u00fablicos, en continuidad a una iniciativa impulsada durante la administraci\u00f3n del ahora alcalde con licencia, Alfonso S\u00e1nchez [&hellip;]<\/p>\n","protected":false},"author":5,"featured_media":83998,"comment_status":"open","ping_status":"open","sticky":false,"template":"","format":"standard","meta":{"footnotes":""},"categories":[216,214],"tags":[],"class_list":["post-83997","post","type-post","status-publish","format-standard","has-post-thumbnail","hentry","category-municipios","category-tlaxcala-capital"],"amp_enabled":true,"_links":{"self":[{"href":"https:\/\/labestiapolitica.com.mx\/index.php?rest_route=\/wp\/v2\/posts\/83997","targetHints":{"allow":["GET"]}}],"collection":[{"href":"https:\/\/labestiapolitica.com.mx\/index.php?rest_route=\/wp\/v2\/posts"}],"about":[{"href":"https:\/\/labestiapolitica.com.mx\/index.php?rest_route=\/wp\/v2\/types\/post"}],"author":[{"embeddable":true,"href":"https:\/\/labestiapolitica.com.mx\/index.php?rest_route=\/wp\/v2\/users\/5"}],"replies":[{"embeddable":true,"href":"https:\/\/labestiapolitica.com.mx\/index.php?rest_route=%2Fwp%2Fv2%2Fcomments&post=83997"}],"version-history":[{"count":1,"href":"https:\/\/labestiapolitica.com.mx\/index.php?rest_route=\/wp\/v2\/posts\/83997\/revisions"}],"predecessor-version":[{"id":83999,"href":"https:\/\/labestiapolitica.com.mx\/index.php?rest_route=\/wp\/v2\/posts\/83997\/revisions\/83999"}],"wp:featuredmedia":[{"embeddable":true,"href":"https:\/\/labestiapolitica.com.mx\/index.php?rest_route=\/wp\/v2\/media\/83998"}],"wp:attachment":[{"href":"https:\/\/labestiapolitica.com.mx\/index.php?rest_route=%2Fwp%2Fv2%2Fmedia&parent=83997"}],"wp:term":[{"taxonomy":"category","embeddable":true,"href":"https:\/\/labestiapolitica.com.mx\/index.php?rest_route=%2Fwp%2Fv2%2Fcategories&post=83997"},{"taxonomy":"post_tag","embeddable":true,"href":"https:\/\/labestiapolitica.com.mx\/index.php?rest_route=%2Fwp%2Fv2%2Ftags&post=83997"}],"curies":[{"name":"wp","href":"https:\/\/api.w.org\/{rel}","templated":true}]}}