{"id":84000,"date":"2026-08-30T22:07:07","date_gmt":"2026-08-31T04:07:07","guid":{"rendered":"https:\/\/labestiapolitica.com.mx\/?p=84000"},"modified":"2026-08-30T22:07:07","modified_gmt":"2026-08-31T04:07:07","slug":"al-grito-de-coordinador-y-acompanado-con-mas-de-cinco-mil-ciudadanos-alfonso-sanchez-garcia-se-perfila-para-coordinador-en-tlaxcala","status":"publish","type":"post","link":"https:\/\/labestiapolitica.com.mx\/?p=84000","title":{"rendered":"Al grito de \u00a1COORDINADOR! y acompa\u00f1ado con m\u00e1s de cinco mil ciudadanos Alfonso S\u00e1nchez Garc\u00eda se perfila para coordinador en Tlaxcala."},"content":{"rendered":"<ul>\n<li style=\"text-align: justify;\">Este d\u00eda, miles de personas caminaron junto a Alfonso S\u00e1nchez Garc\u00eda en la capital del Estado e hicieron vibrar su fuerza y uni\u00f3n por su proyecto.<\/li>\n<\/ul>\n<p style=\"text-align: justify;\">Este domingo, miles de ciudadanos provenientes de diversos municipios se congregaron en las Escalinatas de los H\u00e9roes, para acompa\u00f1ar a Alfonso S\u00e1nchez Garc\u00eda rumbo a la Asamblea en Defensa de la Soberan\u00eda Nacional, dejando de manifiesto el apoyo contundente que existe en torno a esta jornada de participaci\u00f3n pol\u00edtica y social.<\/p>\n<p style=\"text-align: justify;\">La multitud avanz\u00f3 hasta el Parque Ju\u00e1rez, frente al Poder Legislativo, donde se llev\u00f3 a cabo la asamblea como parte de un movimiento de alcance nacional.<\/p>\n<p style=\"text-align: justify;\">Alfonso S\u00e1nchez Garc\u00eda se sum\u00f3 a este llamado con el objetivo de contribuir a su fortalecimiento y acompa\u00f1ar las acciones encaminadas a la defensa de la soberan\u00eda nacional que preside la Presidenta de la Rep\u00fablica, Claudia Sheinbaum Pardo.<\/p>\n<p style=\"text-align: justify;\">La jornada adquiri\u00f3 una dimensi\u00f3n nacional al desarrollarse 163 asambleas de manera simult\u00e1nea en distintos puntos del pa\u00eds, mostrando una amplia participaci\u00f3n en torno a esta convocatoria.<\/p>\n<p style=\"text-align: justify;\">En esta ocasi\u00f3n, Tlaxcala levant\u00f3 la voz y sali\u00f3 a las calles lo que dej\u00f3 una imagen contundente: ciudadanos de distintos municipios unidos en una misma jornada y acompa\u00f1ando a Alfonso S\u00e1nchez Garc\u00eda en un encuentro que coloc\u00f3 nuevamente a la capital del estado como escenario de una importante movilizaci\u00f3n ciudadana.<\/p>\n","protected":false},"excerpt":{"rendered":"<p>Este d\u00eda, miles de personas caminaron junto a Alfonso S\u00e1nchez Garc\u00eda en la capital del Estado e hicieron vibrar su fuerza y uni\u00f3n por su proyecto. Este domingo, miles de ciudadanos provenientes de diversos municipios se congregaron en las Escalinatas de los H\u00e9roes, para acompa\u00f1ar a Alfonso S\u00e1nchez Garc\u00eda rumbo a la Asamblea en Defensa [&hellip;]<\/p>\n","protected":false},"author":5,"featured_media":84001,"comment_status":"open","ping_status":"open","sticky":false,"template":"","format":"standard","meta":{"footnotes":""},"categories":[7],"tags":[],"class_list":["post-84000","post","type-post","status-publish","format-standard","has-post-thumbnail","hentry","category-ciudadanos"],"amp_enabled":true,"_links":{"self":[{"href":"https:\/\/labestiapolitica.com.mx\/index.php?rest_route=\/wp\/v2\/posts\/84000","targetHints":{"allow":["GET"]}}],"collection":[{"href":"https:\/\/labestiapolitica.com.mx\/index.php?rest_route=\/wp\/v2\/posts"}],"about":[{"href":"https:\/\/labestiapolitica.com.mx\/index.php?rest_route=\/wp\/v2\/types\/post"}],"author":[{"embeddable":true,"href":"https:\/\/labestiapolitica.com.mx\/index.php?rest_route=\/wp\/v2\/users\/5"}],"replies":[{"embeddable":true,"href":"https:\/\/labestiapolitica.com.mx\/index.php?rest_route=%2Fwp%2Fv2%2Fcomments&post=84000"}],"version-history":[{"count":1,"href":"https:\/\/labestiapolitica.com.mx\/index.php?rest_route=\/wp\/v2\/posts\/84000\/revisions"}],"predecessor-version":[{"id":84002,"href":"https:\/\/labestiapolitica.com.mx\/index.php?rest_route=\/wp\/v2\/posts\/84000\/revisions\/84002"}],"wp:featuredmedia":[{"embeddable":true,"href":"https:\/\/labestiapolitica.com.mx\/index.php?rest_route=\/wp\/v2\/media\/84001"}],"wp:attachment":[{"href":"https:\/\/labestiapolitica.com.mx\/index.php?rest_route=%2Fwp%2Fv2%2Fmedia&parent=84000"}],"wp:term":[{"taxonomy":"category","embeddable":true,"href":"https:\/\/labestiapolitica.com.mx\/index.php?rest_route=%2Fwp%2Fv2%2Fcategories&post=84000"},{"taxonomy":"post_tag","embeddable":true,"href":"https:\/\/labestiapolitica.com.mx\/index.php?rest_route=%2Fwp%2Fv2%2Ftags&post=84000"}],"curies":[{"name":"wp","href":"https:\/\/api.w.org\/{rel}","templated":true}]}}