{"id":84006,"date":"2026-08-31T08:46:08","date_gmt":"2026-08-31T14:46:08","guid":{"rendered":"https:\/\/labestiapolitica.com.mx\/?p=84006"},"modified":"2026-08-31T09:01:04","modified_gmt":"2026-08-31T15:01:04","slug":"el-arca-opinion-morena-la-unidad-que-huele-a-cisma-e-impunidad","status":"publish","type":"post","link":"https:\/\/labestiapolitica.com.mx\/?p=84006","title":{"rendered":"El Arca&#8230;Opini\u00f3n&#8230;Morena Tlaxcala: la unidad que huele a cisma e impunidad"},"content":{"rendered":"<p style=\"text-align: justify;\">En Morena Tlaxcala todos hablan de unidad, pero la pol\u00edtica suele tener una particularidad: lo que se dice en p\u00fablico no siempre coincide con lo que se mueve debajo de la mesa.<\/p>\n<p style=\"text-align: justify;\">Mientras los aspirantes prometen cerrar filas, los grupos parecen prepararse para competir hasta el \u00faltimo momento.<\/p>\n<p style=\"text-align: justify;\">La disputa entre Ana Lilia Rivera Rivera y Alfonso S\u00e1nchez Garc\u00eda ya no puede leerse \u00fanicamente como una carrera por la coordinaci\u00f3n estatal rumbo a 2027.<\/p>\n<p style=\"text-align: justify;\">Es una medici\u00f3n de fuerzas entre dos proyectos que buscan demostrar qui\u00e9n tiene mayor capacidad de convocatoria, estructura y respaldo pol\u00edtico.<\/p>\n<p style=\"text-align: justify;\">Cada fotograf\u00eda tiene su interpretaci\u00f3n y cada convocatoria tiene sus propios destinatarios. Sin embargo, todos pronuncian la palabra, pero es lo que menos se observa en estos momentos.<\/p>\n<p style=\"text-align: justify;\">Porque la verdadera prueba para Morena no ser\u00e1 la encuesta. Ser\u00e1 el d\u00eda siguiente. Si Alfonso S\u00e1nchez gana, \u00bfel grupo de Ana Lilia Rivera se integrar\u00e1 realmente al proyecto?<\/p>\n<p style=\"text-align: justify;\">Y si la ganadora es ella, \u00bflos seguidores de Alfonso har\u00e1n lo propio?<\/p>\n<p style=\"text-align: justify;\">Cada uno ha recurrido a sus propias artima\u00f1as para as\u00ed no perder una candidatura y en este tiempo, s\u00f3lo han exhibido su ambici\u00f3n, no la unidad y bienestar para su partido.<\/p>\n<p style=\"text-align: justify;\">Los trabajadores del Gobierno del Estado, es el m\u00fasculo que \u201crespalda\u201d a Alfonso S\u00e1nchez Garc\u00eda, personas que palome\u00f3 la gobernadora en su momento para ingresar a laborar a alguna dependencia.<\/p>\n<p style=\"text-align: justify;\">Ellos son llevados por la fuerza a las marchas recientes y saben muy bien las consecuencias que implicar\u00eda no asistir. Nadie los enga\u00f1a, saben su papel y contra su voluntad acuden a los eventos \u201cmasivos\u201d.<\/p>\n<p style=\"text-align: justify;\">Jaina Daniela Flores Meneses, secretaria general de Morena en Tlaxcala, se exhibe en eventos del candidato de Lorena Cu\u00e9llar, cuando no deber\u00eda hacerlo por su cargo.<\/p>\n<p style=\"text-align: justify;\">Mientras tanto, Ana Lilia Rivera en su af\u00e1n por conseguir apoyo y seguidores, se sienta a la mesa con personajes oscuros que financian su campa\u00f1a bajo las sombras.<\/p>\n<p style=\"text-align: justify;\">Para ella lo que importa es ganar, sin importar que despu\u00e9s las facturas se paguen con otro tipo de favores y que las consecuencias las pague el pueblo.<\/p>\n<p style=\"text-align: justify;\">Ambos personajes ya traen consigo el sello de la impunidad el cual no se borrar\u00e1 gane quien gane su proceso de designaci\u00f3n, el cual desde el inicio ha sido ama\u00f1ado.<\/p>\n<p style=\"text-align: justify;\">LO QUE COMUNICAN SIN QUERER COMUNICAR&#8230;.<\/p>\n<p style=\"text-align: justify;\">Alfonso S\u00e1nchez Garc\u00eda, denota un semblante cansado, nervioso, con pronunciadas ojeras, a veces hasta distra\u00eddo&#8230;<\/p>\n<p style=\"text-align: justify;\">Ana Lilia Rivera Rivera, hace un esfuerzo enorme para no mostrar su molestia ante las preguntas que le hacen los reporteros, pero ni as\u00ed le sale y en fracciones de segundo se observan gestos de incomodidad.<\/p>\n<p>Hoy escribe Memo Herrera.<\/p>\n","protected":false},"excerpt":{"rendered":"<p>En Morena Tlaxcala todos hablan de unidad, pero la pol\u00edtica suele tener una particularidad: lo que se dice en p\u00fablico no siempre coincide con lo que se mueve debajo de la mesa. Mientras los aspirantes prometen cerrar filas, los grupos parecen prepararse para competir hasta el \u00faltimo momento. La disputa entre Ana Lilia Rivera Rivera [&hellip;]<\/p>\n","protected":false},"author":5,"featured_media":83112,"comment_status":"open","ping_status":"open","sticky":false,"template":"","format":"standard","meta":{"footnotes":""},"categories":[3,309,6],"tags":[],"class_list":["post-84006","post","type-post","status-publish","format-standard","has-post-thumbnail","hentry","category-8-columnas","category-el-arca","category-opinion"],"amp_enabled":true,"_links":{"self":[{"href":"https:\/\/labestiapolitica.com.mx\/index.php?rest_route=\/wp\/v2\/posts\/84006","targetHints":{"allow":["GET"]}}],"collection":[{"href":"https:\/\/labestiapolitica.com.mx\/index.php?rest_route=\/wp\/v2\/posts"}],"about":[{"href":"https:\/\/labestiapolitica.com.mx\/index.php?rest_route=\/wp\/v2\/types\/post"}],"author":[{"embeddable":true,"href":"https:\/\/labestiapolitica.com.mx\/index.php?rest_route=\/wp\/v2\/users\/5"}],"replies":[{"embeddable":true,"href":"https:\/\/labestiapolitica.com.mx\/index.php?rest_route=%2Fwp%2Fv2%2Fcomments&post=84006"}],"version-history":[{"count":4,"href":"https:\/\/labestiapolitica.com.mx\/index.php?rest_route=\/wp\/v2\/posts\/84006\/revisions"}],"predecessor-version":[{"id":84011,"href":"https:\/\/labestiapolitica.com.mx\/index.php?rest_route=\/wp\/v2\/posts\/84006\/revisions\/84011"}],"wp:featuredmedia":[{"embeddable":true,"href":"https:\/\/labestiapolitica.com.mx\/index.php?rest_route=\/wp\/v2\/media\/83112"}],"wp:attachment":[{"href":"https:\/\/labestiapolitica.com.mx\/index.php?rest_route=%2Fwp%2Fv2%2Fmedia&parent=84006"}],"wp:term":[{"taxonomy":"category","embeddable":true,"href":"https:\/\/labestiapolitica.com.mx\/index.php?rest_route=%2Fwp%2Fv2%2Fcategories&post=84006"},{"taxonomy":"post_tag","embeddable":true,"href":"https:\/\/labestiapolitica.com.mx\/index.php?rest_route=%2Fwp%2Fv2%2Ftags&post=84006"}],"curies":[{"name":"wp","href":"https:\/\/api.w.org\/{rel}","templated":true}]}}