{"id":84013,"date":"2026-08-31T11:52:53","date_gmt":"2026-08-31T17:52:53","guid":{"rendered":"https:\/\/labestiapolitica.com.mx\/?p=84013"},"modified":"2026-08-31T11:52:53","modified_gmt":"2026-08-31T17:52:53","slug":"focus-group-el-planeta-tiene-prisa","status":"publish","type":"post","link":"https:\/\/labestiapolitica.com.mx\/?p=84013","title":{"rendered":"Focus Group | El planeta tiene prisa."},"content":{"rendered":"<p style=\"text-align: justify;\"><em><strong>Por Jorge Ram\u00f3n Rizzo | Periodista\/Tlaxcala<\/strong><\/em><\/p>\n<p style=\"text-align: justify;\">Aunque hay muchos temas por escribir de sucesos en M\u00e9xico, el planeta tiene prisa y no puedo seguir aplazando abordar este tema, ya que la acumulaci\u00f3n de eventos extremos en los \u00faltimos d\u00edas demuestra que la crisis clim\u00e1tica se est\u00e1 acelerando a un ritmo que supera las predicciones cient\u00edficas m\u00e1s pesimistas: Inundaciones apocal\u00edpticas, megaincendios indomables, olas de calor letales y sequ\u00edas prolongadas, forman parte de los contenidos noticiosos en redes y medios.<\/p>\n<p style=\"text-align: justify;\"><strong>\u00bfQu\u00e9 le est\u00e1 pasando al planeta?<\/strong><\/p>\n<p style=\"text-align: justify;\">Es la pregunta y ojal\u00e1 tuviesemos la respuesta. El planeta nos est\u00e1 comunicando, a trav\u00e9s de la violencia de sus fen\u00f3menos, que la antigua \u00abnormalidad\u00bb clim\u00e1tica ha desaparecido para siempre.<\/p>\n<p style=\"text-align: justify;\">La pregunta ya no es cu\u00e1ndo llegar\u00e1 la crisis, sino c\u00f3mo minimizaremos los da\u00f1os de un sistema planetario que ya hemos transformado profundamente. Porque la narrativa de que el cambio clim\u00e1tico es un problema del futuro ha quedado completamente desmantelada por la cruel realidad actual.<\/p>\n<p style=\"text-align: justify;\">No podemos perder de vista el impacto financiero acumulado, que sigue un patr\u00f3n alarmante que asfixia tanto a los presupuestos p\u00fablicos como a los mercados de seguros privados. Ya que las p\u00e9rdidas econ\u00f3micas globales por desastres naturales alcanzaron los 100 mil millones de d\u00f3lares, solamente durante el primer semestre de 2026.<\/p>\n<p style=\"text-align: justify;\">Los modelos econ\u00f3micos integrados en estudios como el &#8216;Sigma Report&#8217; prev\u00e9n que, bajo un escenario de inacci\u00f3n, las p\u00e9rdidas aseguradas globales anuales podr\u00edan escalar dr\u00e1sticamente hasta alcanzar los 320 mil millones de d\u00f3lares a corto plazo. Esta tendencia no solo est\u00e1 impulsada por la violencia del clima, sino por la acumulaci\u00f3n de infraestructura humana de alto valor en \u00e1reas expuestas a inundaciones y litorales vulnerables.<\/p>\n<p style=\"text-align: justify;\">Detr\u00e1s de cada cifra de devastaci\u00f3n no solo hay una fuerza f\u00edsica incontrolable, sino tambi\u00e9n una negligencia humana sist\u00e9mica. Las tragedias globales recientes demuestran que el comportamiento del planeta es el reflejo directo de nuestras propias acciones.<\/p>\n<p style=\"text-align: justify;\">La Tierra est\u00e1 respondiendo al aumento de la temperatura global con una intensidad sin precedentes y culpar a la \u00abnaturaleza furiosa\u00bb es una narrativa c\u00f3moda para evadir responsabilidades.<\/p>\n<p style=\"text-align: justify;\">Cuando form\u00e9 parte del gabinete ambiental en el estado de Tlaxcala conoc\u00ed a un equipo de expertos de talla mundial como Isaac Santiago Ju\u00e1rez, Pedro Albornoz G\u00f3ngora, Arturo Z\u00e1rate Flores y Marcela Chac\u00f3n Romo de Leroux, entre otros, de quienes aprend\u00ed mucho y con quienes sostuve platicas interminables acerca de sus \u00e1reas de especialidad: Isaac en lo forestal, Pedro en recursos h\u00eddricos, Arturo en normatividad ambiental, y Marcela en \u00e1reas naturales.<\/p>\n<p style=\"text-align: justify;\">Y de esas ense\u00f1anzas adquiridas a su lado, es que sostengo que mientras la humanidad insista en priorizar el crecimiento econ\u00f3mico a corto plazo sobre la sostenibilidad ecol\u00f3gica, las consecuencias seguir\u00e1n siendo letales. Durante las \u00faltimas d\u00e9cadas, los fen\u00f3menos naturales han dejado de ser simples eventos estacionales para convertirse en armas de destrucci\u00f3n masiva.<\/p>\n<p style=\"text-align: justify;\">Los terremotos de Filipinas, Colombia y Venezuela; las inundaciones monz\u00f3nicas en la regi\u00f3n del T\u00edbet entre Nepal y China; las tormentas invernales en Estados Unidos; la ola de calor en Europa, son solamente algunos sucesos que nos revelan la furia de la naturaleza. Esas tragedias globales recientes, como ya lo dije en p\u00e1rrafos anteriores demuestra el da\u00f1o que le estamos ocasionando al planeta.<\/p>\n<p style=\"text-align: justify;\">Tenemos enfrente una aut\u00e9ntica anatom\u00eda del caos&#8230; Ecosistemas enteros son destruidos, ciclos de carbono alterados, aunado al estr\u00e9s t\u00e9rmico e h\u00eddrico, ya que se vienen rompiendo r\u00e9cords de temperaturas altas, as\u00ed como de presencia de lluvias que antes tardaban meses en caer ahora se descargan en pocas horas, arrasando infraestructuras y econom\u00edas locales de la noche a la ma\u00f1ana.<\/p>\n<p style=\"text-align: justify;\">Decenas de miles de muertos, miles de millones de d\u00f3lares y un planeta que ya cambi\u00f3, son apenas los primeros signos de lo que nos espera&#8230; Ojal\u00e1 me equivoqu\u00e9.<\/p>\n","protected":false},"excerpt":{"rendered":"<p>Por Jorge Ram\u00f3n Rizzo | Periodista\/Tlaxcala Aunque hay muchos temas por escribir de sucesos en M\u00e9xico, el planeta tiene prisa y no puedo seguir aplazando abordar este tema, ya que la acumulaci\u00f3n de eventos extremos en los \u00faltimos d\u00edas demuestra que la crisis clim\u00e1tica se est\u00e1 acelerando a un ritmo que supera las predicciones cient\u00edficas [&hellip;]<\/p>\n","protected":false},"author":5,"featured_media":0,"comment_status":"open","ping_status":"open","sticky":false,"template":"","format":"standard","meta":{"footnotes":""},"categories":[6],"tags":[],"class_list":["post-84013","post","type-post","status-publish","format-standard","hentry","category-opinion"],"amp_enabled":true,"_links":{"self":[{"href":"https:\/\/labestiapolitica.com.mx\/index.php?rest_route=\/wp\/v2\/posts\/84013","targetHints":{"allow":["GET"]}}],"collection":[{"href":"https:\/\/labestiapolitica.com.mx\/index.php?rest_route=\/wp\/v2\/posts"}],"about":[{"href":"https:\/\/labestiapolitica.com.mx\/index.php?rest_route=\/wp\/v2\/types\/post"}],"author":[{"embeddable":true,"href":"https:\/\/labestiapolitica.com.mx\/index.php?rest_route=\/wp\/v2\/users\/5"}],"replies":[{"embeddable":true,"href":"https:\/\/labestiapolitica.com.mx\/index.php?rest_route=%2Fwp%2Fv2%2Fcomments&post=84013"}],"version-history":[{"count":2,"href":"https:\/\/labestiapolitica.com.mx\/index.php?rest_route=\/wp\/v2\/posts\/84013\/revisions"}],"predecessor-version":[{"id":84017,"href":"https:\/\/labestiapolitica.com.mx\/index.php?rest_route=\/wp\/v2\/posts\/84013\/revisions\/84017"}],"wp:attachment":[{"href":"https:\/\/labestiapolitica.com.mx\/index.php?rest_route=%2Fwp%2Fv2%2Fmedia&parent=84013"}],"wp:term":[{"taxonomy":"category","embeddable":true,"href":"https:\/\/labestiapolitica.com.mx\/index.php?rest_route=%2Fwp%2Fv2%2Fcategories&post=84013"},{"taxonomy":"post_tag","embeddable":true,"href":"https:\/\/labestiapolitica.com.mx\/index.php?rest_route=%2Fwp%2Fv2%2Ftags&post=84013"}],"curies":[{"name":"wp","href":"https:\/\/api.w.org\/{rel}","templated":true}]}}