{"id":84023,"date":"2026-08-31T12:15:54","date_gmt":"2026-08-31T18:15:54","guid":{"rendered":"https:\/\/labestiapolitica.com.mx\/?p=84023"},"modified":"2026-08-31T12:15:54","modified_gmt":"2026-08-31T18:15:54","slug":"fui-invitado-si-a-eso-se-le-llama-invitacion-me-mandaron-un-whatsapp-ray-vazquez-acusa-simulacion-en-morena","status":"publish","type":"post","link":"https:\/\/labestiapolitica.com.mx\/?p=84023","title":{"rendered":"\u201cFui invitado, si a eso se le llama invitaci\u00f3n\u2026 me mandaron un WhatsApp\u201d: Ray V\u00e1zquez acusa simulaci\u00f3n en Morena."},"content":{"rendered":"<p style=\"text-align: justify;\"><em><strong>Demian M\u00e1rquez<\/strong><\/em> | El diputado federal Raymundo V\u00e1zquez Conchas cuestion\u00f3 la forma en que fue convocado a la reciente asamblea de Morena en Tlaxcala y justific\u00f3 su ausencia al se\u00f1alar que \u00fanicamente recibi\u00f3 un mensaje de WhatsApp por parte de la dirigente estatal Jaina Daniela Flores Meneses.<\/p>\n<p style=\"text-align: justify;\">\u201cFui invitado, si a eso se le llama invitaci\u00f3n\u201d, expres\u00f3 al considerar que no existieron condiciones de unidad entre los distintos perfiles que participan en el proceso interno.<\/p>\n<p style=\"text-align: justify;\">V\u00e1zquez Conchas record\u00f3 que anteriormente acudi\u00f3 a una convocatoria que, seg\u00fan su versi\u00f3n, se present\u00f3 como un acto de respaldo a la presidenta Claudia Sheinbaum, pero termin\u00f3 convirti\u00e9ndose en un evento para favorecer pol\u00edticamente a Alfonso S\u00e1nchez Garc\u00eda.<\/p>\n<p style=\"text-align: justify;\">Asegur\u00f3 que en aquella ocasi\u00f3n fue colocado fuera del templete y que incluso se instalaron vallas que le impidieron acercarse al \u00e1rea principal.<\/p>\n<p style=\"text-align: justify;\">El legislador sostuvo que esa experiencia influy\u00f3 en su decisi\u00f3n de no acudir nuevamente a una convocatoria que, desde su perspectiva, pod\u00eda repetir el mismo esquema.<\/p>\n<p style=\"text-align: justify;\">Critic\u00f3 que otros aspirantes hayan sido expuestos a una din\u00e1mica que calific\u00f3 como una falta de respeto, al considerar que fueron convocados bajo una finalidad distinta a la que finalmente tuvo el encuentro.<\/p>\n<p style=\"text-align: justify;\">Aunque evit\u00f3 se\u00f1alar directamente a personas por su nombre, V\u00e1zquez Conchas afirm\u00f3 que detr\u00e1s de la organizaci\u00f3n existir\u00edan intereses encaminados a favorecer a un perfil espec\u00edfico.<\/p>\n<p style=\"text-align: justify;\">Incluso compar\u00f3 el acto con una celebraci\u00f3n privada, al considerar que las porras y el ambiente generado terminaron funcionando como un respaldo pol\u00edtico para un solo aspirante.<\/p>\n<p style=\"text-align: justify;\">El diputado federal tambi\u00e9n cuestion\u00f3 a la dirigencia estatal por no impulsar una convocatoria real a la unidad entre quienes buscan encabezar la coordinaci\u00f3n estatal de los Comit\u00e9s de Defensa de la Transformaci\u00f3n.<\/p>\n<p style=\"text-align: justify;\">Record\u00f3 que previamente hab\u00eda solicitado a la dirigente estatal trabajar en ese sentido, pero afirm\u00f3 que hasta ahora no ha percibido una acci\u00f3n concreta para alcanzar ese objetivo.<\/p>\n<p style=\"text-align: justify;\">Finalmente, Ray V\u00e1zquez sostuvo que su decisi\u00f3n de no participar fue una forma de no prestarse a lo que considera una simulaci\u00f3n pol\u00edtica.<\/p>\n<p style=\"text-align: justify;\">\u201cEl partido de Tlaxcala est\u00e1 completamente secuestrado\u201d, afirm\u00f3, al advertir que este tipo de pr\u00e1cticas pueden profundizar las diferencias internas en Morena y afectar la participaci\u00f3n de quienes tambi\u00e9n aspiran a encabezar el proyecto pol\u00edtico rumbo al pr\u00f3ximo proceso electoral.<\/p>\n","protected":false},"excerpt":{"rendered":"<p>Demian M\u00e1rquez | El diputado federal Raymundo V\u00e1zquez Conchas cuestion\u00f3 la forma en que fue convocado a la reciente asamblea de Morena en Tlaxcala y justific\u00f3 su ausencia al se\u00f1alar que \u00fanicamente recibi\u00f3 un mensaje de WhatsApp por parte de la dirigente estatal Jaina Daniela Flores Meneses. \u201cFui invitado, si a eso se le llama [&hellip;]<\/p>\n","protected":false},"author":5,"featured_media":84024,"comment_status":"open","ping_status":"open","sticky":false,"template":"","format":"standard","meta":{"footnotes":""},"categories":[3,249,247],"tags":[],"class_list":["post-84023","post","type-post","status-publish","format-standard","has-post-thumbnail","hentry","category-8-columnas","category-morena","category-politica"],"amp_enabled":true,"_links":{"self":[{"href":"https:\/\/labestiapolitica.com.mx\/index.php?rest_route=\/wp\/v2\/posts\/84023","targetHints":{"allow":["GET"]}}],"collection":[{"href":"https:\/\/labestiapolitica.com.mx\/index.php?rest_route=\/wp\/v2\/posts"}],"about":[{"href":"https:\/\/labestiapolitica.com.mx\/index.php?rest_route=\/wp\/v2\/types\/post"}],"author":[{"embeddable":true,"href":"https:\/\/labestiapolitica.com.mx\/index.php?rest_route=\/wp\/v2\/users\/5"}],"replies":[{"embeddable":true,"href":"https:\/\/labestiapolitica.com.mx\/index.php?rest_route=%2Fwp%2Fv2%2Fcomments&post=84023"}],"version-history":[{"count":1,"href":"https:\/\/labestiapolitica.com.mx\/index.php?rest_route=\/wp\/v2\/posts\/84023\/revisions"}],"predecessor-version":[{"id":84025,"href":"https:\/\/labestiapolitica.com.mx\/index.php?rest_route=\/wp\/v2\/posts\/84023\/revisions\/84025"}],"wp:featuredmedia":[{"embeddable":true,"href":"https:\/\/labestiapolitica.com.mx\/index.php?rest_route=\/wp\/v2\/media\/84024"}],"wp:attachment":[{"href":"https:\/\/labestiapolitica.com.mx\/index.php?rest_route=%2Fwp%2Fv2%2Fmedia&parent=84023"}],"wp:term":[{"taxonomy":"category","embeddable":true,"href":"https:\/\/labestiapolitica.com.mx\/index.php?rest_route=%2Fwp%2Fv2%2Fcategories&post=84023"},{"taxonomy":"post_tag","embeddable":true,"href":"https:\/\/labestiapolitica.com.mx\/index.php?rest_route=%2Fwp%2Fv2%2Ftags&post=84023"}],"curies":[{"name":"wp","href":"https:\/\/api.w.org\/{rel}","templated":true}]}}