{"id":84026,"date":"2026-08-31T12:26:10","date_gmt":"2026-08-31T18:26:10","guid":{"rendered":"https:\/\/labestiapolitica.com.mx\/?p=84026"},"modified":"2026-08-31T12:26:10","modified_gmt":"2026-08-31T18:26:10","slug":"retoman-trabajos-de-obra-en-la-calle-abasolo-piden-a-la-ciudadania-tomar-vias-alternas","status":"publish","type":"post","link":"https:\/\/labestiapolitica.com.mx\/?p=84026","title":{"rendered":"Retoman trabajos de obra en la calle Abasolo; piden a la ciudadan\u00eda tomar v\u00edas alternas."},"content":{"rendered":"<p style=\"text-align: justify;\">El Gobierno Municipal de Huamantla, que preside Salvador Santos Cedillo, informa a la ciudadan\u00eda que este lunes 31 de agosto se retoman los trabajos de obra en la calle Abasolo, en el tramo comprendido entre las calles Allende y Ju\u00e1rez, por lo que ser\u00e1 necesario realizar un cierre temporal de esta vialidad.<\/p>\n<p style=\"text-align: justify;\">Con el objetivo de mantener la movilidad en la zona, se permitir\u00e1 la circulaci\u00f3n vehicular sobre las calles Allende y Ju\u00e1rez, estableciendo los siguientes sentidos:<\/p>\n<ul>\n<li style=\"text-align: justify;\">Calle Allende: circulaci\u00f3n de norte a sur.<\/li>\n<li style=\"text-align: justify;\">Calle Ju\u00e1rez: circulaci\u00f3n de sur a norte.<\/li>\n<\/ul>\n<p style=\"text-align: justify;\">Ante esta modificaci\u00f3n temporal, el Gobierno Municipal hace un llamado a la ciudadan\u00eda a tomar v\u00edas alternas, salir con anticipaci\u00f3n y prever sus traslados para evitar contratiempos.<\/p>\n<p style=\"text-align: justify;\">Asimismo, se solicita a quienes transiten por calles cercanas manejar con precauci\u00f3n, reducir la velocidad, respetar la se\u00f1alizaci\u00f3n y atender las indicaciones del personal vial.<\/p>\n<p style=\"text-align: justify;\">El Gobierno Municipal agradece la comprensi\u00f3n y paciencia de las y los huamantlecos ante las posibles molestias que estos trabajos puedan ocasionar, al tiempo que refrenda que estas acciones forman parte de los trabajos para mejorar la infraestructura urbana y las condiciones de las vialidades del municipio.<\/p>\n<p style=\"text-align: justify;\">Se recomienda a la ciudadan\u00eda tomar v\u00edas alternas y extremar precauciones al transitar por la zona.<\/p>\n<p style=\"text-align: justify;\">#PorAmorAHuamantla<\/p>\n<p>&nbsp;<\/p>\n<p><img loading=\"lazy\" decoding=\"async\" class=\"aligncenter wp-image-79046 size-large\" src=\"https:\/\/labestiapolitica.com.mx\/wp-content\/uploads\/2026\/07\/AJ-uni-819x1024.jpeg\" alt=\"\" width=\"640\" height=\"800\" srcset=\"https:\/\/labestiapolitica.com.mx\/wp-content\/uploads\/2026\/07\/AJ-uni-819x1024.jpeg 819w, https:\/\/labestiapolitica.com.mx\/wp-content\/uploads\/2026\/07\/AJ-uni-240x300.jpeg 240w, https:\/\/labestiapolitica.com.mx\/wp-content\/uploads\/2026\/07\/AJ-uni-768x960.jpeg 768w, https:\/\/labestiapolitica.com.mx\/wp-content\/uploads\/2026\/07\/AJ-uni.jpeg 1080w\" sizes=\"auto, (max-width: 640px) 100vw, 640px\" \/><\/p>\n","protected":false},"excerpt":{"rendered":"<p>El Gobierno Municipal de Huamantla, que preside Salvador Santos Cedillo, informa a la ciudadan\u00eda que este lunes 31 de agosto se retoman los trabajos de obra en la calle Abasolo, en el tramo comprendido entre las calles Allende y Ju\u00e1rez, por lo que ser\u00e1 necesario realizar un cierre temporal de esta vialidad. Con el objetivo [&hellip;]<\/p>\n","protected":false},"author":5,"featured_media":84028,"comment_status":"open","ping_status":"open","sticky":false,"template":"","format":"standard","meta":{"footnotes":""},"categories":[220,216],"tags":[],"class_list":["post-84026","post","type-post","status-publish","format-standard","has-post-thumbnail","hentry","category-huamantla","category-municipios"],"amp_enabled":true,"_links":{"self":[{"href":"https:\/\/labestiapolitica.com.mx\/index.php?rest_route=\/wp\/v2\/posts\/84026","targetHints":{"allow":["GET"]}}],"collection":[{"href":"https:\/\/labestiapolitica.com.mx\/index.php?rest_route=\/wp\/v2\/posts"}],"about":[{"href":"https:\/\/labestiapolitica.com.mx\/index.php?rest_route=\/wp\/v2\/types\/post"}],"author":[{"embeddable":true,"href":"https:\/\/labestiapolitica.com.mx\/index.php?rest_route=\/wp\/v2\/users\/5"}],"replies":[{"embeddable":true,"href":"https:\/\/labestiapolitica.com.mx\/index.php?rest_route=%2Fwp%2Fv2%2Fcomments&post=84026"}],"version-history":[{"count":1,"href":"https:\/\/labestiapolitica.com.mx\/index.php?rest_route=\/wp\/v2\/posts\/84026\/revisions"}],"predecessor-version":[{"id":84029,"href":"https:\/\/labestiapolitica.com.mx\/index.php?rest_route=\/wp\/v2\/posts\/84026\/revisions\/84029"}],"wp:featuredmedia":[{"embeddable":true,"href":"https:\/\/labestiapolitica.com.mx\/index.php?rest_route=\/wp\/v2\/media\/84028"}],"wp:attachment":[{"href":"https:\/\/labestiapolitica.com.mx\/index.php?rest_route=%2Fwp%2Fv2%2Fmedia&parent=84026"}],"wp:term":[{"taxonomy":"category","embeddable":true,"href":"https:\/\/labestiapolitica.com.mx\/index.php?rest_route=%2Fwp%2Fv2%2Fcategories&post=84026"},{"taxonomy":"post_tag","embeddable":true,"href":"https:\/\/labestiapolitica.com.mx\/index.php?rest_route=%2Fwp%2Fv2%2Ftags&post=84026"}],"curies":[{"name":"wp","href":"https:\/\/api.w.org\/{rel}","templated":true}]}}