{"id":84027,"date":"2026-08-31T13:13:09","date_gmt":"2026-08-31T19:13:09","guid":{"rendered":"https:\/\/labestiapolitica.com.mx\/?p=84027"},"modified":"2026-08-31T13:27:21","modified_gmt":"2026-08-31T19:27:21","slug":"el-bestiario-la-crisis-del-palacio-de-gobierno-de-tlaxcala-y-los-cinco-anos-de-lorena","status":"publish","type":"post","link":"https:\/\/labestiapolitica.com.mx\/?p=84027","title":{"rendered":"El Bestiario&#8230;La crisis de la Casa de Gobierno de Tlaxcala y los cinco a\u00f1os de Lorena."},"content":{"rendered":"<p style=\"text-align: justify;\">En el gobierno de Lorena Cu\u00e9llar, aquel que prometi\u00f3 un cambio respecto a sus antecesores y jur\u00f3 no fallar a los principios de la Cuarta Transformaci\u00f3n, parece que el manual b\u00e1sico contra crisis qued\u00f3 guardado para otra ocasi\u00f3n.<\/p>\n<p style=\"text-align: justify;\">Un manual de crisis para un gobierno estatal sirve para anticipar, organizar y responder ante situaciones que ponen en riesgo la gobernabilidad, la confianza ciudadana o la imagen institucional. Pero en este caso, lo que est\u00e1 en juego es la reputaci\u00f3n de una pol\u00edtica que prometi\u00f3 ser distinta.<\/p>\n<p style=\"text-align: justify;\">La crisis estall\u00f3 cuando se difundieron fotograf\u00edas y videos que mostraban la Casa de Gobierno utilizada como b\u00fanker propagand\u00edstico del aspirante morenista y favorito del lorenismo, Alfonso S\u00e1nchez Garc\u00eda. El gobierno qued\u00f3 imp\u00e1vido ante las im\u00e1genes que exhib\u00edan a personas manipulando material pol\u00edtico en un recinto oficial.<\/p>\n<p style=\"text-align: justify;\">Al d\u00eda siguiente, en los tradicionales di\u00e1logos circulares, el vocero respondi\u00f3 que la gobernadora desconoc\u00eda ese uso pol\u00edtico de la Casa de Gobierno y que se abrir\u00eda una investigaci\u00f3n. Nadie crey\u00f3 del todo la versi\u00f3n, pero al menos se cumpl\u00eda parte del protocolo: admitir los hechos y anunciar sanciones. Lorena Cu\u00e9llar no habita en la casa de gobierno sino en su residencia en Ocotl\u00e1n, lo anterior daba cierta credibilidad al hecho de que \u00abno sab\u00eda\u00bb. D\u00edas despu\u00e9s se inform\u00f3 de tres suspensiones o destituciones, lo que parec\u00eda un intento de pasar del caos a la acci\u00f3n ordenada.<\/p>\n<p style=\"text-align: justify;\">Sin embargo, apenas una semana despu\u00e9s, desde la Secretar\u00eda de Gobierno que encabeza el morelense Luis Antonio Ram\u00edrez Hern\u00e1ndez, se orden\u00f3 \u2014a recomendaci\u00f3n de asesores externos\u2014 afirmar que las im\u00e1genes eran \u201ctotalmente falsas\u201d y que no correspond\u00edan al inmueble oficial. Sin pruebas que reforzaran sus dichos, la administraci\u00f3n encendi\u00f3 de nuevo el fuego y se coloc\u00f3 en una crisis de reputaci\u00f3n, apostando a que los tlaxcaltecas carecen de sentido com\u00fan.<\/p>\n<p style=\"text-align: justify;\">Ram\u00edrez Hern\u00e1ndez sab\u00eda de la primera decisi\u00f3n de reconocer el tema y sancionar a los responsables, pero trascendi\u00f3 que no lo comunic\u00f3 a su jefa pol\u00edtica. Prefiri\u00f3 seguir la segunda ruta: negar todo. Esa contradicci\u00f3n evidenci\u00f3 la divisi\u00f3n interna del gabinete lorenista y la tensi\u00f3n por mantener el control pol\u00edtico, incluso a riesgo de perder la candidatura a la gubernatura.<\/p>\n<p style=\"text-align: justify;\">En el Comit\u00e9 Ejecutivo Nacional de Morena hay molestia por los abusos del grupo en el poder y por las torpezas que contradicen los principios de la 4T. La inc\u00f3gnita es si la gran electora decidir\u00e1 ignorar las cr\u00edticas y respaldar la propuesta de la inquilina de la Plaza de la Constituci\u00f3n.<\/p>\n<p style=\"text-align: justify;\">Hoy, Lorena Cu\u00e9llar celebra cinco a\u00f1os de haber rendido protesta, pero lo hace en medio de una reputaci\u00f3n cuestionada por el mal manejo de la crisis de la Casa de Gobierno, con eventos sin prensa para evitar preguntas inc\u00f3modas y sin colocar los tradicionales bandos solemnes de las fiestas patrias.<\/p>\n<p style=\"text-align: justify;\">\u00bfAs\u00ed so\u00f1\u00f3 festejar sus cinco a\u00f1os de gobierno?<\/p>\n<p style=\"text-align: justify;\">\u00a0****<strong>*<\/strong><\/p>\n<div class=\"\" data-bfc=\"\" data-ved=\"2ahUKEwiN0Iflv8uWAxXWkmoFHb_TCxQQi4wTegoIAggACAAIDBAQ\" data-hveid=\"CAIIAAgACAwQEA\" data-copy-service-computed-style=\"font-family: &quot;Google Sans&quot;, Arial, sans-serif; font-size: 16px; font-weight: 400; margin: 0px; text-decoration: none; border-bottom: 0px rgb(230, 232, 240);\">\n<p style=\"text-align: justify;\"><strong>LA CAMINERA<\/strong>&#8230;La Crisis que no acaba&#8230;Pese a que por todos los medios han intentado esquivar el espinoso tema de la <strong>Casa de Gobierno<\/strong>, en Morena las respuestas de sus dos principales aspirantes a la gubernatura de Tlaxcala parecen venir de otro estado\u2026 o de otro planeta.<\/p>\n<p style=\"text-align: justify;\">A pregunta expresa, la otrora cr\u00edtica del lorenismo, <strong>Ana Lilia Rivera<\/strong>, apenas alcanz\u00f3 a repetir: <em>\u201cVamos para adelante, vamos para adelante\u201d<\/em>. Como si con un estribillo se pudiera borrar el esc\u00e1ndalo que, en teor\u00eda, la afecta directamente.<\/p>\n<p style=\"text-align: justify;\">D\u00edas despu\u00e9s, el favorito del oficialismo, <strong>Alfonso S\u00e1nchez Garc\u00eda<\/strong>, se lav\u00f3 las manos con un: <em>\u201cNo tengo ning\u00fan comentario en ese sentido, desconozco realmente qu\u00e9 fue lo que sucedi\u00f3\u201d<\/em>. Palabras m\u00e1s, palabras menos, un silencio disfrazado de respuesta.<\/p>\n<p style=\"text-align: justify;\">Y para completar el cuadro, la dirigencia interina estatal de Morena adopt\u00f3 la pol\u00edtica del avestruz: <strong>no oigo, no veo, no hablo<\/strong>.<\/p>\n<p>****<\/p>\n<p style=\"text-align: justify;\"><strong>AHORA S\u00cd, LA \u00daLTIMA Y NOS VAMOS.<\/strong>..\u00bfCansado?El domingo, lo que m\u00e1s llam\u00f3 la atenci\u00f3n no fueron los discursos, ni las posturas pol\u00edticas, sino el rostro cansado y las tremendas ojeras de Alfonso S\u00e1nchez Garc\u00eda. La imagen de un aspirante demacrado dej\u00f3 m\u00e1s preguntas que certezas: \u00bfagotamiento de campa\u00f1a, presi\u00f3n interna o simple descuido?<\/p>\n<p style=\"text-align: justify;\">A la par, el intento de su equipo por frenar una entrevista inc\u00f3moda sobre la Casa de Gobierno termin\u00f3 en un espect\u00e1culo burdo: disfrazar la evasi\u00f3n con el pretexto de una selfie. Una maniobra torpe que, lejos de apagar el tema, lo volvi\u00f3 m\u00e1s evidente.<\/p>\n<p style=\"text-align: justify;\">En pol\u00edtica, los silencios pesan tanto como las palabras, y las ojeras tambi\u00e9n cuentan historias.<\/p>\n<p style=\"text-align: justify;\">\n<\/div>\n","protected":false},"excerpt":{"rendered":"<p>En el gobierno de Lorena Cu\u00e9llar, aquel que prometi\u00f3 un cambio respecto a sus antecesores y jur\u00f3 no fallar a los principios de la Cuarta Transformaci\u00f3n, parece que el manual b\u00e1sico contra crisis qued\u00f3 guardado para otra ocasi\u00f3n. Un manual de crisis para un gobierno estatal sirve para anticipar, organizar y responder ante situaciones que [&hellip;]<\/p>\n","protected":false},"author":5,"featured_media":84035,"comment_status":"open","ping_status":"open","sticky":false,"template":"","format":"standard","meta":{"footnotes":""},"categories":[3],"tags":[],"class_list":["post-84027","post","type-post","status-publish","format-standard","has-post-thumbnail","hentry","category-8-columnas"],"amp_enabled":true,"_links":{"self":[{"href":"https:\/\/labestiapolitica.com.mx\/index.php?rest_route=\/wp\/v2\/posts\/84027","targetHints":{"allow":["GET"]}}],"collection":[{"href":"https:\/\/labestiapolitica.com.mx\/index.php?rest_route=\/wp\/v2\/posts"}],"about":[{"href":"https:\/\/labestiapolitica.com.mx\/index.php?rest_route=\/wp\/v2\/types\/post"}],"author":[{"embeddable":true,"href":"https:\/\/labestiapolitica.com.mx\/index.php?rest_route=\/wp\/v2\/users\/5"}],"replies":[{"embeddable":true,"href":"https:\/\/labestiapolitica.com.mx\/index.php?rest_route=%2Fwp%2Fv2%2Fcomments&post=84027"}],"version-history":[{"count":3,"href":"https:\/\/labestiapolitica.com.mx\/index.php?rest_route=\/wp\/v2\/posts\/84027\/revisions"}],"predecessor-version":[{"id":84037,"href":"https:\/\/labestiapolitica.com.mx\/index.php?rest_route=\/wp\/v2\/posts\/84027\/revisions\/84037"}],"wp:featuredmedia":[{"embeddable":true,"href":"https:\/\/labestiapolitica.com.mx\/index.php?rest_route=\/wp\/v2\/media\/84035"}],"wp:attachment":[{"href":"https:\/\/labestiapolitica.com.mx\/index.php?rest_route=%2Fwp%2Fv2%2Fmedia&parent=84027"}],"wp:term":[{"taxonomy":"category","embeddable":true,"href":"https:\/\/labestiapolitica.com.mx\/index.php?rest_route=%2Fwp%2Fv2%2Fcategories&post=84027"},{"taxonomy":"post_tag","embeddable":true,"href":"https:\/\/labestiapolitica.com.mx\/index.php?rest_route=%2Fwp%2Fv2%2Ftags&post=84027"}],"curies":[{"name":"wp","href":"https:\/\/api.w.org\/{rel}","templated":true}]}}