{"id":84039,"date":"2026-08-31T13:43:31","date_gmt":"2026-08-31T19:43:31","guid":{"rendered":"https:\/\/labestiapolitica.com.mx\/?p=84039"},"modified":"2026-08-31T13:56:43","modified_gmt":"2026-08-31T19:56:43","slug":"84039","status":"publish","type":"post","link":"https:\/\/labestiapolitica.com.mx\/?p=84039","title":{"rendered":"Segob reitera: \u201cno ocurri\u00f3 en Casa de Gobierno\u201d, pero sigue sin explicar \u00bfQu\u00e9 pas\u00f3?\u00a0"},"content":{"rendered":"<p style=\"text-align: justify;\"><em><strong>Mariana LOVERA<\/strong><\/em> | El secretario de Gobierno, Luis Antonio Ram\u00edrez Hern\u00e1ndez, reiter\u00f3 la versi\u00f3n oficial sobre la presunta operaci\u00f3n pol\u00edtica a favor de Alfonso S\u00e1nchez Garc\u00eda: la investigaci\u00f3n interna del Gobierno del Estado habr\u00eda descartado que los hechos difundidos p\u00fablicamente ocurrieran dentro de Casa de Gobierno.<\/p>\n<p style=\"text-align: justify;\">Sin embargo, ante los cuestionamientos directos de La Bestia Pol\u00edtica, el funcionario volvi\u00f3 a dejar abierta la pregunta central del caso: si no ocurri\u00f3 ah\u00ed, entonces \u00bfd\u00f3nde ocurri\u00f3?<\/p>\n<p style=\"text-align: justify;\">Ram\u00edrez Hern\u00e1ndez sostuvo que actualmente existe colaboraci\u00f3n con autoridades electorales y que ser\u00e1n estas instancias las encargadas de determinar lo sucedido.<\/p>\n<blockquote>\n<p style=\"text-align: justify;\"><strong><em>\u201cEsto descart\u00f3 que los hechos se hubiesen llevado en este lugar, pero tambi\u00e9n estamos atendiendo algunos mecanismos ante las autoridades electorales. Ellos seguramente traer\u00e1n un resultado y ser\u00e1n esas autoridades quienes determinen\u201d, <\/em><\/strong><em>se\u00f1al\u00f3<\/em><strong><em>.<\/em><\/strong><\/p>\n<\/blockquote>\n<p style=\"text-align: justify;\">El secretario incluso asegur\u00f3 que existe disposici\u00f3n para colaborar con la Fiscal\u00eda estatal, la FGR, el ITE o el INE y adelant\u00f3 que fijar\u00e1 una postura definitiva una vez que existan resultados de las investigaciones correspondientes.<\/p>\n<h2 style=\"text-align: justify;\">La versi\u00f3n se mantiene; las dudas tambi\u00e9n.<\/h2>\n<p style=\"text-align: justify;\">La Bestia Pol\u00edtica insisti\u00f3 en una pregunta elemental: \u00bfqu\u00e9 significa exactamente que los hechos no ocurrieron en Casa de Gobierno?<\/p>\n<p style=\"text-align: justify;\">Se le pregunt\u00f3 directamente si podr\u00eda tratarse de inteligencia artificial, de un montaje o de alg\u00fan otro tipo de manipulaci\u00f3n de las im\u00e1genes.<\/p>\n<p style=\"text-align: justify;\">Ram\u00edrez Hern\u00e1ndez evit\u00f3 plantear cualquiera de esas posibilidades.<\/p>\n<p style=\"text-align: justify;\">Argument\u00f3 que hacerlo ser\u00eda \u201cmuy aventurado\u201d debido a que existen investigaciones de autoridades oficiales.<\/p>\n<p style=\"text-align: justify;\">Y ah\u00ed permanece el punto que el Gobierno estatal todav\u00eda no logra aclarar.<\/p>\n<p style=\"text-align: justify;\">Por un lado, Segob sostiene como conclusi\u00f3n de su investigaci\u00f3n interna que los hechos no sucedieron en Casa de Gobierno; por otro, asegura que no puede explicar qu\u00e9 sucedi\u00f3 realmente porque debe esperar a que las autoridades competentes concluyan sus investigaciones.<\/p>\n<p style=\"text-align: justify;\">Es decir, existe certeza oficial para descartar el lugar, pero todav\u00eda no existe una explicaci\u00f3n p\u00fablica sobre el origen de las im\u00e1genes.<\/p>\n<h2 style=\"text-align: justify;\">Niega uso pol\u00edtico de instalaciones gubernamentales<\/h2>\n<p style=\"text-align: justify;\">Ram\u00edrez Hern\u00e1ndez tambi\u00e9n reiter\u00f3 que el Gobierno del Estado no ha permitido actividades partidistas dentro de sus instalaciones ni el empleo de recursos o din\u00e1micas p\u00fablicas en beneficio de partido pol\u00edtico alguno.<\/p>\n<p style=\"text-align: justify;\">Asimismo, asegur\u00f3 que la administraci\u00f3n estatal garantizar\u00e1 condiciones de imparcialidad para todas las fuerzas pol\u00edticas durante el pr\u00f3ximo proceso electoral.<\/p>\n<p style=\"text-align: justify;\">Pero mientras las investigaciones contin\u00faan, el caso permanece pol\u00edticamente abierto.<\/p>\n<p style=\"text-align: justify;\">Porque el debate ya no consiste \u00fanicamente en determinar si las im\u00e1genes corresponden o no a Casa de Gobierno. Tambi\u00e9n se trata de conocer qui\u00e9nes aparecen en ellas, d\u00f3nde fueron tomadas, qui\u00e9n organiz\u00f3 el material pol\u00edtico y si existi\u00f3 participaci\u00f3n de funcionarios o recursos p\u00fablicos en una eventual operaci\u00f3n para favorecer a Alfonso S\u00e1nchez Garc\u00eda rumbo a 2027.<\/p>\n<p style=\"text-align: justify;\">Hasta ahora, Segob mantiene su postura: en Casa de Gobierno no ocurri\u00f3.<\/p>\n<p style=\"text-align: justify;\">Lo que todav\u00eda falta es explicar qu\u00e9 ocurri\u00f3 realmente.<\/p>\n","protected":false},"excerpt":{"rendered":"<p>Mariana LOVERA | El secretario de Gobierno, Luis Antonio Ram\u00edrez Hern\u00e1ndez, reiter\u00f3 la versi\u00f3n oficial sobre la presunta operaci\u00f3n pol\u00edtica a favor de Alfonso S\u00e1nchez Garc\u00eda: la investigaci\u00f3n interna del Gobierno del Estado habr\u00eda descartado que los hechos difundidos p\u00fablicamente ocurrieran dentro de Casa de Gobierno. Sin embargo, ante los cuestionamientos directos de La Bestia [&hellip;]<\/p>\n","protected":false},"author":6,"featured_media":84040,"comment_status":"open","ping_status":"open","sticky":false,"template":"","format":"standard","meta":{"footnotes":""},"categories":[3,247],"tags":[],"class_list":["post-84039","post","type-post","status-publish","format-standard","has-post-thumbnail","hentry","category-8-columnas","category-politica"],"amp_enabled":true,"_links":{"self":[{"href":"https:\/\/labestiapolitica.com.mx\/index.php?rest_route=\/wp\/v2\/posts\/84039","targetHints":{"allow":["GET"]}}],"collection":[{"href":"https:\/\/labestiapolitica.com.mx\/index.php?rest_route=\/wp\/v2\/posts"}],"about":[{"href":"https:\/\/labestiapolitica.com.mx\/index.php?rest_route=\/wp\/v2\/types\/post"}],"author":[{"embeddable":true,"href":"https:\/\/labestiapolitica.com.mx\/index.php?rest_route=\/wp\/v2\/users\/6"}],"replies":[{"embeddable":true,"href":"https:\/\/labestiapolitica.com.mx\/index.php?rest_route=%2Fwp%2Fv2%2Fcomments&post=84039"}],"version-history":[{"count":2,"href":"https:\/\/labestiapolitica.com.mx\/index.php?rest_route=\/wp\/v2\/posts\/84039\/revisions"}],"predecessor-version":[{"id":84042,"href":"https:\/\/labestiapolitica.com.mx\/index.php?rest_route=\/wp\/v2\/posts\/84039\/revisions\/84042"}],"wp:featuredmedia":[{"embeddable":true,"href":"https:\/\/labestiapolitica.com.mx\/index.php?rest_route=\/wp\/v2\/media\/84040"}],"wp:attachment":[{"href":"https:\/\/labestiapolitica.com.mx\/index.php?rest_route=%2Fwp%2Fv2%2Fmedia&parent=84039"}],"wp:term":[{"taxonomy":"category","embeddable":true,"href":"https:\/\/labestiapolitica.com.mx\/index.php?rest_route=%2Fwp%2Fv2%2Fcategories&post=84039"},{"taxonomy":"post_tag","embeddable":true,"href":"https:\/\/labestiapolitica.com.mx\/index.php?rest_route=%2Fwp%2Fv2%2Ftags&post=84039"}],"curies":[{"name":"wp","href":"https:\/\/api.w.org\/{rel}","templated":true}]}}