{"id":84043,"date":"2026-08-31T15:23:23","date_gmt":"2026-08-31T21:23:23","guid":{"rendered":"https:\/\/labestiapolitica.com.mx\/?p=84043"},"modified":"2026-08-31T15:26:18","modified_gmt":"2026-08-31T21:26:18","slug":"la-reforma-en-tlaxcala-dara-mas-margen-al-ine-para-la-entrega-de-paquetes-electorales","status":"publish","type":"post","link":"https:\/\/labestiapolitica.com.mx\/?p=84043","title":{"rendered":"La reforma en Tlaxcala dar\u00e1 m\u00e1s margen al INE para la entrega de paquetes electorales."},"content":{"rendered":"<div data-xid=\"Gd7Hsc\" data-sfc-cp=\"\" data-sfc-root=\"ep\" data-wiz-uids=\"lCmQaf_z\" data-complete=\"true\" data-processed=\"true\" data-sfc-inited=\"2\" data-copy-service-computed-style=\"font-family: &quot;Google Sans&quot;, Arial, sans-serif; font-size: 14px; font-weight: 400; margin: 0px; text-decoration: none; border-bottom: 0px rgb(230, 232, 240);\">\n<div class=\"DBd2Wb\" data-complete=\"true\" data-processed=\"true\" data-copy-service-computed-style=\"font-family: &quot;Google Sans&quot;, Arial, sans-serif; font-size: 14px; font-weight: 400; margin: 4px 0px 0px; text-decoration: none; border-bottom: 0px rgb(230, 232, 240);\">\n<ul>\n<li class=\"v4bSkd\" style=\"text-align: justify;\" data-processed=\"true\" data-copy-service-computed-style=\"font-family: &quot;Google Sans&quot;, Arial, sans-serif; font-size: 14px; font-weight: 500; margin: 0px 8px 0px 0px; text-decoration: none; border-bottom: 0px rgb(173, 175, 184);\">El 10 de septiembre iniciar\u00e1 el proceso electoral federal y el 30 de septiembre se instalar\u00e1 el Consejo Local del INE en Tlaxcala, donde ya comenzaron los trabajos de planeaci\u00f3n y coordinaci\u00f3n con el ITE<\/li>\n<\/ul>\n<\/div>\n<\/div>\n<p style=\"text-align: justify;\"><em><strong>Daniel Angulo<\/strong><\/em> | La reforma electoral aprobada recientemente por el Congreso de Tlaxcala tendr\u00e1 efectos directos en la organizaci\u00f3n de la elecci\u00f3n federal, al modificar los plazos para el registro de candidaturas y permitir al Instituto Nacional Electoral (INE) contar con mayor tiempo para preparar la entrega de los paquetes electorales.<\/p>\n<p style=\"text-align: justify;\">Mirna Eugenia Gardu\u00f1o Ruiz, encargada del despacho de la Vocal\u00eda Ejecutiva del INE en Tlaxcala, consider\u00f3 que la modificaci\u00f3n de los plazos representa un cambio positivo para la organizaci\u00f3n de los comicios, particularmente porque permitir\u00e1 realizar con mayor anticipaci\u00f3n distintas tareas log\u00edsticas.<\/p>\n<p style=\"text-align: justify;\">\u201cEsta parte de la modificaci\u00f3n de los plazos para el registro de las candidaturas es muy importante; lo vemos muy bien, creemos que fue un gran acierto\u201d, se\u00f1al\u00f3.<\/p>\n<p style=\"text-align: justify;\">Explic\u00f3 que el ajuste permitir\u00e1 al Instituto Tlaxcalteca de Elecciones (ITE) contar con mayor tiempo para integrar sus materiales y documentaci\u00f3n electoral, lo que tambi\u00e9n repercutir\u00e1 en los trabajos del INE.<\/p>\n<p style=\"text-align: justify;\">Uno de los principales efectos estar\u00e1 en la distribuci\u00f3n de los paquetes electorales, ya que el Instituto podr\u00e1 comenzar su entrega cinco d\u00edas antes de la jornada electoral, de lunes a viernes, a las presidencias de las mesas directivas de casilla.<\/p>\n<p style=\"text-align: justify;\">Este ajuste cobra relevancia ya que en el pasado proceso electoral de 2023-2024, varios candidatos a nivel local comenzaron sus campa\u00f1as a pesar de no tener su registro, esto debido a dilaciones en la revision de sus documentos.<\/p>\n<p style=\"text-align: justify;\">\u201cParece una reforma que es muy local, pero repercute ampliamente a nivel federal, en la entrega de los paquetes electorales a las mesas directivas de casilla\u201d, destac\u00f3.<\/p>\n<p style=\"text-align: justify;\">La reforma llega a unos d\u00edas del arranque formal del proceso electoral federal, toda vez que el 10 de septiembre, el Consejo General del INE sesionar\u00e1 para declarar su inicio, mientras que el 30 de septiembre se instalar\u00e1 el Consejo Local en Tlaxcala.<\/p>\n<p style=\"text-align: justify;\">A partir de entonces, una de las primeras tareas ser\u00e1 la designaci\u00f3n de los consejos distritales, que deber\u00e1n instalarse el 30 de noviembre.<\/p>\n<p style=\"text-align: justify;\">La funcionaria explic\u00f3 que el INE ya trabaja en coordinaci\u00f3n con el ITE en la planeaci\u00f3n de las distintas etapas del proceso, mediante un calendario que funciona como ruta rectora de las actividades administrativas, log\u00edsticas y operativas que deber\u00e1n cumplirse hasta la jornada electoral.<\/p>\n<p style=\"text-align: justify;\">En esta elecci\u00f3n se renovar\u00e1 la C\u00e1mara de Diputados federal, con 300 diputaciones de mayor\u00eda relativa y 200 de representaci\u00f3n proporcional.<\/p>\n<p>&nbsp;<\/p>\n<p>&nbsp;<\/p>\n","protected":false},"excerpt":{"rendered":"<p>El 10 de septiembre iniciar\u00e1 el proceso electoral federal y el 30 de septiembre se instalar\u00e1 el Consejo Local del INE en Tlaxcala, donde ya comenzaron los trabajos de planeaci\u00f3n y coordinaci\u00f3n con el ITE Daniel Angulo | La reforma electoral aprobada recientemente por el Congreso de Tlaxcala tendr\u00e1 efectos directos en la organizaci\u00f3n de [&hellip;]<\/p>\n","protected":false},"author":5,"featured_media":84044,"comment_status":"open","ping_status":"open","sticky":false,"template":"","format":"standard","meta":{"footnotes":""},"categories":[3,247],"tags":[],"class_list":["post-84043","post","type-post","status-publish","format-standard","has-post-thumbnail","hentry","category-8-columnas","category-politica"],"amp_enabled":true,"_links":{"self":[{"href":"https:\/\/labestiapolitica.com.mx\/index.php?rest_route=\/wp\/v2\/posts\/84043","targetHints":{"allow":["GET"]}}],"collection":[{"href":"https:\/\/labestiapolitica.com.mx\/index.php?rest_route=\/wp\/v2\/posts"}],"about":[{"href":"https:\/\/labestiapolitica.com.mx\/index.php?rest_route=\/wp\/v2\/types\/post"}],"author":[{"embeddable":true,"href":"https:\/\/labestiapolitica.com.mx\/index.php?rest_route=\/wp\/v2\/users\/5"}],"replies":[{"embeddable":true,"href":"https:\/\/labestiapolitica.com.mx\/index.php?rest_route=%2Fwp%2Fv2%2Fcomments&post=84043"}],"version-history":[{"count":2,"href":"https:\/\/labestiapolitica.com.mx\/index.php?rest_route=\/wp\/v2\/posts\/84043\/revisions"}],"predecessor-version":[{"id":84047,"href":"https:\/\/labestiapolitica.com.mx\/index.php?rest_route=\/wp\/v2\/posts\/84043\/revisions\/84047"}],"wp:featuredmedia":[{"embeddable":true,"href":"https:\/\/labestiapolitica.com.mx\/index.php?rest_route=\/wp\/v2\/media\/84044"}],"wp:attachment":[{"href":"https:\/\/labestiapolitica.com.mx\/index.php?rest_route=%2Fwp%2Fv2%2Fmedia&parent=84043"}],"wp:term":[{"taxonomy":"category","embeddable":true,"href":"https:\/\/labestiapolitica.com.mx\/index.php?rest_route=%2Fwp%2Fv2%2Fcategories&post=84043"},{"taxonomy":"post_tag","embeddable":true,"href":"https:\/\/labestiapolitica.com.mx\/index.php?rest_route=%2Fwp%2Fv2%2Ftags&post=84043"}],"curies":[{"name":"wp","href":"https:\/\/api.w.org\/{rel}","templated":true}]}}