{"id":84051,"date":"2026-08-31T15:30:15","date_gmt":"2026-08-31T21:30:15","guid":{"rendered":"https:\/\/labestiapolitica.com.mx\/?p=84051"},"modified":"2026-08-31T15:37:32","modified_gmt":"2026-08-31T21:37:32","slug":"arranca-ciclo-escolar-en-tlaxcala-sin-focos-rojos-sepe-atendera-denuncias-y-regulara-uso-de-celulares","status":"publish","type":"post","link":"https:\/\/labestiapolitica.com.mx\/?p=84051","title":{"rendered":"Arranca ciclo escolar en Tlaxcala sin \u201cfocos rojos\u201d; SEPE atender\u00e1 denuncias y regular\u00e1 uso de celulares."},"content":{"rendered":"<p style=\"text-align: justify;\"><em><strong>Mariana LOVERA<\/strong> <\/em>| El secretario de Educaci\u00f3n P\u00fablica del Estado y director general de la USET, Jos\u00e9 Alonso Trujillo Dom\u00ednguez, inform\u00f3 que el inicio del ciclo escolar 2026-2027 en Tlaxcala se desarrolla sin \u201cfocos rojos\u201d y con la incorporaci\u00f3n de m\u00e1s de 318 mil estudiantes de educaci\u00f3n b\u00e1sica y media superior.<\/p>\n<p style=\"text-align: justify;\">Durante una entrevista, el funcionario se\u00f1al\u00f3 que alrededor de 260 mil estudiantes de educaci\u00f3n b\u00e1sica regresaron a las aulas en m\u00e1s de 2 mil 250 planteles, mientras que en educaci\u00f3n media superior se incorporan poco m\u00e1s de 60 mil alumnos.<\/p>\n<p style=\"text-align: justify;\">Trujillo Dom\u00ednguez tambi\u00e9n abord\u00f3 las disposiciones relacionadas con el uniforme escolar \u00fanico, luego de que se detectaran se\u00f1alamientos en planteles de Apizaco por la presunta exigencia de dos uniformes. El secretario indic\u00f3 que la dependencia dar\u00e1 seguimiento a dos denuncias y record\u00f3 que las escuelas deben ajustarse a la disposici\u00f3n vigente.<\/p>\n<p style=\"text-align: justify;\">Otro de los asuntos se\u00f1alados fue la situaci\u00f3n que se presenta en el sistema CECyTE\u2013EMSaD, donde existen inconformidades relacionadas con nombramientos directivos. Ante ello, la SEPE buscar\u00e1 establecer acuerdos con las partes involucradas para evitar que los conflictos afecten el desarrollo acad\u00e9mico.<\/p>\n<p style=\"text-align: justify;\">Asimismo, el titular de Educaci\u00f3n se refiri\u00f3 a la manifestaci\u00f3n de padres de familia del CBTIS 03, quienes han se\u00f1alado presuntos actos de discriminaci\u00f3n contra estudiantes con discapacidad. Trujillo Dom\u00ednguez sostuvo que se dar\u00e1 seguimiento al caso y enfatiz\u00f3 que en los planteles educativos no debe existir ning\u00fan tipo de discriminaci\u00f3n.<\/p>\n<h3 style=\"text-align: justify;\">Preparan regulaci\u00f3n para el uso de celulares.<\/h3>\n<p style=\"text-align: justify;\">Entre los temas que adelant\u00f3 el secretario destaca la elaboraci\u00f3n de una nueva normativa para regular el uso de tel\u00e9fonos celulares y otros dispositivos electr\u00f3nicos dentro de las aulas.<\/p>\n<p style=\"text-align: justify;\">Explic\u00f3 que la medida responde a la necesidad de atender el impacto que estos dispositivos pueden tener en la concentraci\u00f3n y el aprendizaje de los estudiantes, por lo que se establecer\u00e1n criterios para su utilizaci\u00f3n dentro de los centros educativos.<\/p>\n<h3 style=\"text-align: justify;\">Escuelas militarizadas deber\u00e1n adecuarse a la normativa.<\/h3>\n<p style=\"text-align: justify;\">Otro de los asuntos abordados fue la situaci\u00f3n de las instituciones educativas de corte militar o castrense. El secretario se\u00f1al\u00f3 que estos planteles deber\u00e1n adecuar sus modelos educativos a la normativa nacional y al respeto irrestricto de los derechos humanos.<\/p>\n<p style=\"text-align: justify;\">Precis\u00f3 que esto no significa necesariamente el cierre de dichas escuelas, sino la obligaci\u00f3n de modificar aquellos aspectos de sus modelos de ense\u00f1anza que no se ajusten a las disposiciones vigentes.<\/p>\n<p style=\"text-align: justify;\">El inicio del ciclo escolar 2026-2027 contempla 185 d\u00edas efectivos de clases para educaci\u00f3n b\u00e1sica y concluir\u00e1 el 9 de julio de 2027, de acuerdo con el calendario oficial de la entidad.<\/p>\n<h3 style=\"text-align: justify;\">Dar\u00e1 prioridad a la continuidad.<\/h3>\n<p style=\"text-align: justify;\">Con el inicio del ciclo escolar 2026-2027, el secretario de Educaci\u00f3n P\u00fablica del Estado y director general de la USET, Jos\u00e9 Alonso Trujillo Dom\u00ednguez, asegur\u00f3 que la prioridad ser\u00e1 mantener la continuidad de los trabajos educativos que ya se encuentran en marcha, al tiempo que realiza una revisi\u00f3n de las condiciones en las que recibi\u00f3 la dependencia.<\/p>\n<p style=\"text-align: justify;\">En entrevista tras la fijaci\u00f3n de los bandos solemnes, el funcionario explic\u00f3 que el proceso de entrega-recepci\u00f3n de la SEPE-USET contin\u00faa, luego de que el pasado viernes recibi\u00f3 informaci\u00f3n de la administraci\u00f3n encabezada anteriormente por Homero Meneses Hern\u00e1ndez. Por ello, estim\u00f3 que ser\u00e1 aproximadamente en 15 d\u00edas cuando pueda contar con un diagn\u00f3stico m\u00e1s preciso sobre la situaci\u00f3n administrativa y operativa de la dependencia.<\/p>\n<p style=\"text-align: justify;\">Trujillo Dom\u00ednguez consider\u00f3 de manera preliminar que la Secretar\u00eda se encuentra en buenas condiciones, aunque advirti\u00f3 que ser\u00e1 hasta concluir la revisi\u00f3n documental cuando puedan determinarse las \u00e1reas que requieren atenci\u00f3n o alg\u00fan ajuste.<\/p>\n<p style=\"text-align: justify;\">El nuevo titular de Educaci\u00f3n dej\u00f3 claro que su administraci\u00f3n no pretende comenzar de cero, sino dar seguimiento a los programas, proyectos y acciones que ya estaban en marcha.<\/p>\n<blockquote>\n<p style=\"text-align: justify;\"><strong><em>\u00ab\u201cNo vamos a implementar cosas que no est\u00e9n en el marco del proyecto estatal educativo\u201d, afirm\u00f3.\u00bb<\/em><\/strong><\/p>\n<\/blockquote>\n<p style=\"text-align: justify;\">De esta manera, el secretario plante\u00f3 una primera etapa enfocada en conocer a fondo el funcionamiento de la dependencia y, posteriormente, determinar si son necesarios cambios o ajustes en materia educativa.<\/p>\n","protected":false},"excerpt":{"rendered":"<p>Mariana LOVERA | El secretario de Educaci\u00f3n P\u00fablica del Estado y director general de la USET, Jos\u00e9 Alonso Trujillo Dom\u00ednguez, inform\u00f3 que el inicio del ciclo escolar 2026-2027 en Tlaxcala se desarrolla sin \u201cfocos rojos\u201d y con la incorporaci\u00f3n de m\u00e1s de 318 mil estudiantes de educaci\u00f3n b\u00e1sica y media superior. Durante una entrevista, el [&hellip;]<\/p>\n","protected":false},"author":6,"featured_media":84052,"comment_status":"open","ping_status":"open","sticky":false,"template":"","format":"standard","meta":{"footnotes":""},"categories":[3,213],"tags":[],"class_list":["post-84051","post","type-post","status-publish","format-standard","has-post-thumbnail","hentry","category-8-columnas","category-educacion"],"amp_enabled":true,"_links":{"self":[{"href":"https:\/\/labestiapolitica.com.mx\/index.php?rest_route=\/wp\/v2\/posts\/84051","targetHints":{"allow":["GET"]}}],"collection":[{"href":"https:\/\/labestiapolitica.com.mx\/index.php?rest_route=\/wp\/v2\/posts"}],"about":[{"href":"https:\/\/labestiapolitica.com.mx\/index.php?rest_route=\/wp\/v2\/types\/post"}],"author":[{"embeddable":true,"href":"https:\/\/labestiapolitica.com.mx\/index.php?rest_route=\/wp\/v2\/users\/6"}],"replies":[{"embeddable":true,"href":"https:\/\/labestiapolitica.com.mx\/index.php?rest_route=%2Fwp%2Fv2%2Fcomments&post=84051"}],"version-history":[{"count":1,"href":"https:\/\/labestiapolitica.com.mx\/index.php?rest_route=\/wp\/v2\/posts\/84051\/revisions"}],"predecessor-version":[{"id":84053,"href":"https:\/\/labestiapolitica.com.mx\/index.php?rest_route=\/wp\/v2\/posts\/84051\/revisions\/84053"}],"wp:featuredmedia":[{"embeddable":true,"href":"https:\/\/labestiapolitica.com.mx\/index.php?rest_route=\/wp\/v2\/media\/84052"}],"wp:attachment":[{"href":"https:\/\/labestiapolitica.com.mx\/index.php?rest_route=%2Fwp%2Fv2%2Fmedia&parent=84051"}],"wp:term":[{"taxonomy":"category","embeddable":true,"href":"https:\/\/labestiapolitica.com.mx\/index.php?rest_route=%2Fwp%2Fv2%2Fcategories&post=84051"},{"taxonomy":"post_tag","embeddable":true,"href":"https:\/\/labestiapolitica.com.mx\/index.php?rest_route=%2Fwp%2Fv2%2Ftags&post=84051"}],"curies":[{"name":"wp","href":"https:\/\/api.w.org\/{rel}","templated":true}]}}