{"id":84054,"date":"2026-08-31T15:34:37","date_gmt":"2026-08-31T21:34:37","guid":{"rendered":"https:\/\/labestiapolitica.com.mx\/?p=84054"},"modified":"2026-08-31T15:34:37","modified_gmt":"2026-08-31T21:34:37","slug":"renuncia-adriana-davila-a-la-comision-permanente-del-pan-acusa-simulacion-incongruencia-e-inaccion","status":"publish","type":"post","link":"https:\/\/labestiapolitica.com.mx\/?p=84054","title":{"rendered":"Renuncia Adriana D\u00e1vila a la Comisi\u00f3n Permanente del PAN; acusa simulaci\u00f3n, incongruencia e inacci\u00f3n."},"content":{"rendered":"<p style=\"text-align: justify;\"><em><strong>Mariana LOVERA<\/strong><\/em> | La pol\u00edtica tlaxcalteca Adriana D\u00e1vila Fern\u00e1ndez renunci\u00f3 este 31 de agosto a la Comisi\u00f3n Permanente del Consejo Nacional del Partido Acci\u00f3n Nacional (PAN), en una dura carta dirigida al dirigente nacional Jorge Romero Herrera.<\/p>\n<p style=\"text-align: justify;\"><em>A trav\u00e9s de sus redes sociales, D\u00e1vila inform\u00f3:<\/em><\/p>\n<blockquote><p><strong><em>\u00abHoy he decidido cerrar un ciclo en la Comisi\u00f3n Permanente del Consejo Nacional del Partido Acci\u00f3n Nacional. Pero quiero dejar constancia de una profunda preocupaci\u00f3n y una seria cr\u00edtica pol\u00edtica sobre el funcionamiento de la misma y sus implicaciones en la vida pol\u00edtica del pa\u00eds. Mi renuncia a la Comisi\u00f3n Permanente del Consejo Nacional es una definici\u00f3n pol\u00edtica frente al deterioro de un \u00f3rgano que ha dejado de cumplir la responsabilidad para lo que fue concebido, similar situaci\u00f3n que se vive en otros \u00f3rganos del partido. Por ello, he decidido emplear mi energ\u00eda y mi experiencia en la defensa de M\u00e9xico desde los espacios en los que todav\u00eda sea posible actuar con congruencia, libertad y eficacia, siempre en el flanco opositor al r\u00e9gimen.\u00bb<\/em><\/strong><\/p><\/blockquote>\n<p style=\"text-align: justify;\">En el documento de 6 cuartillas, recibido a las 12:10 horas en la Presidencia del CEN panista, la ex senadora hace una cr\u00edtica severa a la conducci\u00f3n del partido:<\/p>\n<ol>\n<li style=\"text-align: justify;\">\u00d3rgano sin sentido: Se\u00f1ala que la Comisi\u00f3n Permanente dej\u00f3 de ser una instancia deliberativa, correctiva y orientadora y se convirti\u00f3 en una formalidad \u00absin eficacia y sin resultados visibles\u00bb, que tolera la simulaci\u00f3n, la incongruencia y la inacci\u00f3n.<\/li>\n<li style=\"text-align: justify;\">Incongruencia legislativa: Acusa que mientras se sostiene p\u00fablicamente un discurso de oposici\u00f3n firme al r\u00e9gimen, se han dado votaciones que lo contradicen y que generan \u00abpercepciones p\u00fablicas de complicidades con personajes de la transformaci\u00f3n se\u00f1alados por sus peligrosos v\u00ednculos con grupos criminales\u00bb.<\/li>\n<li style=\"text-align: justify;\">El caso de la reforma judicial: Pone como ejemplo la reforma al Poder Judicial, tema que pidi\u00f3 discutir en la Comisi\u00f3n. Afirma que mientras se plantearon posturas de rechazo, en los hechos circularon denuncias sobre la promoci\u00f3n de los \u00abacordeones\u00bb para impulsar perfiles afines a Morena.<\/li>\n<li style=\"text-align: justify;\">Alianzas y operaci\u00f3n pol\u00edtica: Cuestiona la falta de claridad en alianzas con el PRI y denuncia que el CEN opera solo con \u00ablas pocas n\u00f3minas que a\u00fan quedan\u00bb, con una visi\u00f3n centralista desde la CDMX, con definici\u00f3n anticipada de candidaturas y sin reglas claras.<\/li>\n<\/ol>\n<p style=\"text-align: justify;\">D\u00e1vila advierte que no escribe desde la confrontaci\u00f3n est\u00e9ril, sino desde la convicci\u00f3n de que \u00abel partido no puede seguir administrando apariencias ni simulando deliberaci\u00f3n donde ya no la hay\u00bb.<\/p>\n<p style=\"text-align: justify;\"><em>Y concluye:<\/em><\/p>\n<blockquote>\n<p style=\"text-align: justify;\"><strong><em>\u00abMi respeto a mi partido, mi convicci\u00f3n doctrinal y mi disposici\u00f3n para seguir se\u00f1alando lo que considero incorrecto para M\u00e9xico, permanecen. Lo que no puede permanecer es mi participaci\u00f3n en un espacio que ha dejado de tener sentido pol\u00edtico y funcional. El PAN necesita \u00f3rganos que funcionen realmente como espacios de pensamiento, definici\u00f3n y acci\u00f3n pol\u00edtica, no como instancias donde se deja pasar lo importante hasta que ya es demasiado tarde\u00bb.<\/em><\/strong><\/p>\n<\/blockquote>\n<p style=\"text-align: justify;\">La renuncia se da en medio de una crisis interna del PAN tras los resultados electorales y la definici\u00f3n de candidaturas en estados como Veracruz, Durango y Coahuila, que la tlaxcalteca menciona como ejemplo del deterioro institucional del partido.<\/p>\n","protected":false},"excerpt":{"rendered":"<p>Mariana LOVERA | La pol\u00edtica tlaxcalteca Adriana D\u00e1vila Fern\u00e1ndez renunci\u00f3 este 31 de agosto a la Comisi\u00f3n Permanente del Consejo Nacional del Partido Acci\u00f3n Nacional (PAN), en una dura carta dirigida al dirigente nacional Jorge Romero Herrera. A trav\u00e9s de sus redes sociales, D\u00e1vila inform\u00f3: \u00abHoy he decidido cerrar un ciclo en la Comisi\u00f3n Permanente [&hellip;]<\/p>\n","protected":false},"author":6,"featured_media":84055,"comment_status":"open","ping_status":"open","sticky":false,"template":"","format":"standard","meta":{"footnotes":""},"categories":[3,247],"tags":[],"class_list":["post-84054","post","type-post","status-publish","format-standard","has-post-thumbnail","hentry","category-8-columnas","category-politica"],"amp_enabled":true,"_links":{"self":[{"href":"https:\/\/labestiapolitica.com.mx\/index.php?rest_route=\/wp\/v2\/posts\/84054","targetHints":{"allow":["GET"]}}],"collection":[{"href":"https:\/\/labestiapolitica.com.mx\/index.php?rest_route=\/wp\/v2\/posts"}],"about":[{"href":"https:\/\/labestiapolitica.com.mx\/index.php?rest_route=\/wp\/v2\/types\/post"}],"author":[{"embeddable":true,"href":"https:\/\/labestiapolitica.com.mx\/index.php?rest_route=\/wp\/v2\/users\/6"}],"replies":[{"embeddable":true,"href":"https:\/\/labestiapolitica.com.mx\/index.php?rest_route=%2Fwp%2Fv2%2Fcomments&post=84054"}],"version-history":[{"count":1,"href":"https:\/\/labestiapolitica.com.mx\/index.php?rest_route=\/wp\/v2\/posts\/84054\/revisions"}],"predecessor-version":[{"id":84056,"href":"https:\/\/labestiapolitica.com.mx\/index.php?rest_route=\/wp\/v2\/posts\/84054\/revisions\/84056"}],"wp:featuredmedia":[{"embeddable":true,"href":"https:\/\/labestiapolitica.com.mx\/index.php?rest_route=\/wp\/v2\/media\/84055"}],"wp:attachment":[{"href":"https:\/\/labestiapolitica.com.mx\/index.php?rest_route=%2Fwp%2Fv2%2Fmedia&parent=84054"}],"wp:term":[{"taxonomy":"category","embeddable":true,"href":"https:\/\/labestiapolitica.com.mx\/index.php?rest_route=%2Fwp%2Fv2%2Fcategories&post=84054"},{"taxonomy":"post_tag","embeddable":true,"href":"https:\/\/labestiapolitica.com.mx\/index.php?rest_route=%2Fwp%2Fv2%2Ftags&post=84054"}],"curies":[{"name":"wp","href":"https:\/\/api.w.org\/{rel}","templated":true}]}}